{"id":316839,"date":"2025-08-13T18:19:15","date_gmt":"2025-08-13T18:19:15","guid":{"rendered":"https:\/\/www.europesays.com\/fr\/316839\/"},"modified":"2025-08-13T18:19:15","modified_gmt":"2025-08-13T18:19:15","slug":"top-14-partir-comme-ca-cela-laisse-un-gout-dinacheve-tristan-labouteley-revient-sur-son-depart-anticipe-de-lusap-pour-grenoble","status":"publish","type":"post","link":"https:\/\/www.europesays.com\/fr\/316839\/","title":{"rendered":"Top 14\u00a0: \u00ab\u00a0Partir comme \u00e7a, cela laisse un go\u00fbt d\u2019inachev\u00e9\u00a0\u00bb, Tristan Labouteley revient sur son d\u00e9part anticip\u00e9 de l\u2019USAP pour Grenoble"},"content":{"rendered":"<p>\n                                                                Tout juste install\u00e9 dans son nouvel environnement \u00e0 Grenoble, le deuxi\u00e8me ligne Tristan Labouteley (30 ans) a pris le temps d\u2019expliquer son d\u00e9part pr\u00e9cipit\u00e9 de l\u2019USAP pour le FCG, tout en se rem\u00e9morant ses souvenirs inoubliables pass\u00e9s \u00e0 Perpignan.\n                            <\/p>\n<p class=\"txt-question\">Comment s\u2019est fait ce d\u00e9part \u00e0 Grenoble\u00a0?<\/p>\n<p>\u00c7a fait d\u00e9j\u00e0 depuis l\u2019an dernier qu\u2019on \u00e9tait en contact.\u00a0C\u2019est vrai que je n\u2019avais plus trop de temps de jeu, surtout en fin de saison, donc c\u2019\u00e9tait un peu frustrant, mais \u00e7a ne s\u2019\u00e9tait pas fait. Et puis, finalement, \u00e7a s\u2019est acc\u00e9l\u00e9r\u00e9 sur ces\u00a0dix derniers jours. Ils m\u2019ont appel\u00e9 parce qu\u2019ils \u00e9taient int\u00e9ress\u00e9s pour que je vienne (1). \u00c0 la base, je voulais continuer un peu \u00e0 Perpignan, voir comment \u00e7a allait se passer cette ann\u00e9e\u2026 Mais c\u2019est vrai qu\u2019ils m\u2019ont dit qu\u2019ils avaient besoin de quelqu\u2019un imm\u00e9diatement pour venir. Donc je n\u2019ai pas r\u00e9fl\u00e9chi longtemps. C\u2019est une bonne opportunit\u00e9 pour retrouver du temps de jeu.<\/p>\n<p class=\"txt-question\">Comment avez-vous g\u00e9r\u00e9 ces derniers jours\u00a0?<\/p>\n<p>C\u2019est vrai que \u00e7a a\u00a0\u00e9t\u00e9 un peu rapide, c\u2019est all\u00e9 vite\u00a0! En plus, c\u2019\u00e9tait pendant notre\u00a0semaine de vacances, donc je n\u2019avais pas trop l\u2019occasion d\u2019en parler avec grand monde. En sachant que, dans le m\u00eame temps, il fallait que\u00a0\u00e7a s\u2019encha\u00eene au niveau des papiers,\u00a0etc. Donc j\u2019ai pr\u00e9venu Franck (Az\u00e9ma), dans un premier temps, pour lui demander s\u2019il \u00e9tait d\u2019accord pour que je puisse partir.\u00a0Et, une fois que j\u2019ai eu son feu vert, c\u2019est vrai que \u00e7a n\u2019a pas \u00e9t\u00e9 \u00e9vident.\u00a0De partir apr\u00e8s huit ans au club\u2026 C\u2019est un peu particulier de partir comme \u00e7a, \u00e7a laisse un go\u00fbt d\u2019inachev\u00e9. Donc c\u2019\u00e9tait un peu dur. Mais je reviendrai dans le coin.<\/p>\n<p class=\"txt-question\">Sentiez-vous que votre temps de jeu serait encore r\u00e9duit cette saison\u00a0?<\/p>\n<p>Oui, c\u2019est s\u00fbr que l\u2019an dernier, j\u2019avais d\u00e9j\u00e0 un peu moins de temps de jeu que les ann\u00e9es pr\u00e9c\u00e9dentes. Et puis m\u00eame avec le monde que Franck a recrut\u00e9 cette ann\u00e9e (Yato, Ritchie, Diaby, Le Corvec\u2026), je me suis dit que ce serait peut-\u00eatre presque pire. J\u2019aurais voulu au moins prouver ce que je pouvais encore faire cette ann\u00e9e \u00e0 Perpignan. Parce que c\u2019est vrai qu\u2019apr\u00e8s huit ans au club, on a\u00a0toujours envie de prouver. Mais, en \u00e9tant objectif, je sais que c\u2019est la bonne d\u00e9cision de partir pour jouer.<\/p>\n<p class=\"txt-question\">Partir sans pouvoir dire au revoir au public catalan\u00a0vous laisse-t-il des regrets\u00a0?<\/p>\n<p>Oui, c\u2019est s\u00fbr.\u00a0Apr\u00e8s, je pense que c\u2019est assez rare maintenant d\u2019avoir une belle sortie dans le rugby. Il y a des exceptions, mais souvent \u00e7a se finit un peu comme \u00e7a. Donc c\u2019est vrai que je suis un peu frustr\u00e9, mais je ne suis pas le seul dans ce cas-l\u00e0. J\u2019ai re\u00e7u plein de messages des supporters, \u00e7a m\u2019a fait chaud au c\u0153ur.\u00a0\u00c7a fait du bien d\u2019\u00eatre consid\u00e9r\u00e9, de voir\u00a0que les gens ne t\u2019oublient pas\u00a0et savent qui tu es.<\/p>\n<p class=\"txt-question\">Vous \u00eates arriv\u00e9 \u00e0 Perpignan \u00e0 22 ans, vous en repartez \u00e0 30 ans. Cela aura forc\u00e9ment marqu\u00e9 votre vie\u2026<\/p>\n<p>Je suis arriv\u00e9 \u00e0 Perpignan en Espoirs, sur la pointe des pieds\u2026 J\u2019ai appris beaucoup de choses. C\u2019est l\u00e0 o\u00f9 j\u2019ai le plus appris au niveau rugby, mais m\u00eame au niveau de la vie. Quand on a des attaches \u00e0 Perpignan, on a toujours envie d\u2019y revenir\u2026 L\u2019USAP sera le club o\u00f9 j\u2019aurai pass\u00e9 le plus de temps, je pense.<\/p>\n<p class=\"txt-question\">Qu\u2019est-ce qui ressort dans les meilleurs souvenirs\u00a0?<\/p>\n<p>Je pense que le premier, je ne pense pas \u00eatre le seul, c\u2019est le titre de Pro D2 2018, l&rsquo;ann\u00e9e o\u00f9 j\u2019arrive \u00e0 Perpignan. C\u2019\u00e9tait ma premi\u00e8re saison en professionnel.\u00a0Je n\u2019\u00e9tais pas cens\u00e9, je pense, jouer autant. Et puis, avec les blessures, j\u2019ai finalement fait 28 matches (14 titularisations, NDLR). Donc\u00a0j\u2019\u00e9tais\u00a0d\u00e9j\u00e0 content d\u2019avoir jou\u00e9 autant. Et, en plus, de\u00a0pouvoir arriver sur un titre alors que \u00e7a faisait des ann\u00e9es\u00a0que l\u2019USAP gal\u00e9rait, voir tous les supporters comme des fous \u00e0 la fin du match ou m\u00eame dans Perpignan derri\u00e8re, je pense que c\u2019est le meilleur souvenir de pas mal de joueurs\u2026 C\u2019\u00e9tait vraiment marquant. Comme la mont\u00e9e trois ans apr\u00e8s. Ou les access-matches\u2026 Ce sont souvent ces matches-l\u00e0 qui marquent et qui viennent concr\u00e9tiser une saison.<\/p>\n<p class=\"txt-question\">De cette g\u00e9n\u00e9ration du titre 2018, Lucas Bachelier et Alan Brazo sont partis, vous aussi d\u00e9sormais\u2026 Il ne reste plus que Tom Ecochard et Seilala Lam. C\u2019est aussi une page qui se tourne \u00e0 l\u2019USAP\u00a0?<\/p>\n<p>Oui, d\u00e9j\u00e0, quand Lucas et Alan sont partis, c\u2019est vrai que \u00e7a a\u00a0fait bizarre. C\u2019est une page qui se tourne. Mais \u00e7a fait sept ans, c\u2019est normal que \u00e7a change. Mais c\u2019est vrai que j\u2019en parlais avec Cl\u00e9ment Roca, le kin\u00e9, qui me disait que \u00e7a lui faisait bizarre de voir tout le monde partir comme \u00e7a\u00a0! Mais c\u2019est le jeu.<\/p>\n<p class=\"txt-question\">En parlant de 2018, vous allez retrouver Julien Farnoux (\u00e0 l\u2019USAP de 2014 \u00e0 2021)&#8230;<\/p>\n<p>Il m\u2019a bien accueilli\u00a0! Je suis all\u00e9 manger chez lui ce midi (mercredi midi). Il m\u2019a transport\u00e9 parce que je n\u2019avais pas de voiture jusqu\u2019\u00e0 maintenant.\u00a0Il m\u2019a bien accompagn\u00e9. C\u2019est cool\u00a0de le retrouver aussi apr\u00e8s quelques ann\u00e9es sans trop se voir.<\/p>\n<p class=\"txt-question\">Continuerez-vous de suivre l\u2019USAP\u00a0?<\/p>\n<p>Oui, en esp\u00e9rant ne pas se croiser en barrage cette ann\u00e9e (rires). Ce serait bien pour l\u2019USAP, mais aussi\u00a0pour Grenoble. Qu\u2019on arrive \u00e0 gagner une finale. Je sais que tout le monde a envie de monter\u00a0et de ne pas s\u2019emb\u00eater\u00a0avec ces matches de barrage ou quoi que ce soit. Pour Perpignan, je pense que, cette ann\u00e9e, \u00e7a va \u00eatre une bonne saison.<\/p>\n<p>(1) Initialement, le FC Grenoble devait recruter le Gallois des Ospreys, James Fender (24 ans), mais le transfert a capot\u00e9. Ce qui a relanc\u00e9 la piste Labouteley.<\/p>\n","protected":false},"excerpt":{"rendered":"Tout juste install\u00e9 dans son nouvel environnement \u00e0 Grenoble, le deuxi\u00e8me ligne Tristan Labouteley (30 ans) a pris&hellip;\n","protected":false},"author":2,"featured_media":316840,"comment_status":"","ping_status":"","sticky":false,"template":"","format":"standard","meta":{"footnotes":""},"categories":[9566],"tags":[1111,11,2430,1777,674,1011,27,2731,12,25],"class_list":{"0":"post-316839","1":"post","2":"type-post","3":"status-publish","4":"format-standard","5":"has-post-thumbnail","7":"category-grenoble","8":"tag-actu","9":"tag-actualites","10":"tag-auvergne-rhone-alpes","11":"tag-eu","12":"tag-europe","13":"tag-fr","14":"tag-france","15":"tag-grenoble","16":"tag-news","17":"tag-republique-francaise"},"share_on_mastodon":{"url":"https:\/\/pubeurope.com\/@fr\/115022841700862944","error":""},"_links":{"self":[{"href":"https:\/\/www.europesays.com\/fr\/wp-json\/wp\/v2\/posts\/316839","targetHints":{"allow":["GET"]}}],"collection":[{"href":"https:\/\/www.europesays.com\/fr\/wp-json\/wp\/v2\/posts"}],"about":[{"href":"https:\/\/www.europesays.com\/fr\/wp-json\/wp\/v2\/types\/post"}],"author":[{"embeddable":true,"href":"https:\/\/www.europesays.com\/fr\/wp-json\/wp\/v2\/users\/2"}],"replies":[{"embeddable":true,"href":"https:\/\/www.europesays.com\/fr\/wp-json\/wp\/v2\/comments?post=316839"}],"version-history":[{"count":0,"href":"https:\/\/www.europesays.com\/fr\/wp-json\/wp\/v2\/posts\/316839\/revisions"}],"wp:featuredmedia":[{"embeddable":true,"href":"https:\/\/www.europesays.com\/fr\/wp-json\/wp\/v2\/media\/316840"}],"wp:attachment":[{"href":"https:\/\/www.europesays.com\/fr\/wp-json\/wp\/v2\/media?parent=316839"}],"wp:term":[{"taxonomy":"category","embeddable":true,"href":"https:\/\/www.europesays.com\/fr\/wp-json\/wp\/v2\/categories?post=316839"},{"taxonomy":"post_tag","embeddable":true,"href":"https:\/\/www.europesays.com\/fr\/wp-json\/wp\/v2\/tags?post=316839"}],"curies":[{"name":"wp","href":"https:\/\/api.w.org\/{rel}","templated":true}]}}