{"id":316843,"date":"2025-08-13T18:21:22","date_gmt":"2025-08-13T18:21:22","guid":{"rendered":"https:\/\/www.europesays.com\/fr\/316843\/"},"modified":"2025-08-13T18:21:22","modified_gmt":"2025-08-13T18:21:22","slug":"accord-entre-rennes-et-brest-pour-mahdi-camara","status":"publish","type":"post","link":"https:\/\/www.europesays.com\/fr\/316843\/","title":{"rendered":"accord entre Rennes et Brest pour Mahdi Camara"},"content":{"rendered":"<p class=\"mb-4 text-lg md:leading-8 break-words\">Le <a href=\"https:\/\/fr.news.yahoo.com\/sport\/mercato-gros-retournement-situation-mahdi-233358243.html\" data-ylk=\"slk:retournement de situation s&#039;est confirm\u00e9 pour Mahdi Camara;elm:context_link;itc:0;sec:content-canvas;outcm:mb_qualified_link;_E:mb_qualified_link;ct:story;\" class=\"link  yahoo-link\" target=\"_blank\" rel=\"noopener\">retournement de situation s&rsquo;est confirm\u00e9 pour Mahdi Camara<\/a>. Alors qu&rsquo;il \u00e9tait proche de rejoindre l&rsquo;OGC Nice, le milieu de terrain de 27 ans va rester en Bretagne et signer \u00e0 Rennes. Un accord a \u00e9t\u00e9 trouv\u00e9 entre le Stade Rennais et Brest. Mahdi Camara va passer sa visite m\u00e9dicale ce mercredi soir Rennes.<br \/>Le joueur a \u00e9t\u00e9 s\u00e9duit par le discours d&rsquo;Habib Beye, qui a <a href=\"https:\/\/fr.news.yahoo.com\/sport\/rennes-tr%C3%A8s-content-quon-fait-150329805.html\" data-ylk=\"slk:d&#039;ailleurs \u00e9voqu\u00e9 le dossier en conf\u00e9rence de presse;elm:context_link;itc:0;sec:content-canvas;outcm:mb_qualified_link;_E:mb_qualified_link;ct:story;\" class=\"link  yahoo-link\" target=\"_blank\" rel=\"noopener\">d&rsquo;ailleurs \u00e9voqu\u00e9 le dossier en conf\u00e9rence de presse<\/a> ce mercredi apr\u00e8s-midi sans le citer: \u00ab\u00a0Je vous ai toujours dit que je parlais des joueurs qui sont sous contrat avec le Stade Rennais\u00a0\u00bb, a-t-il lanc\u00e9 apr\u00e8s avoir esquiss\u00e9 un sourire. \u00ab\u00a0On travaille tranquillement, paisiblement et on aura des renforts futurs.\u00a0\u00bb<\/p>\n<p class=\"mb-4 text-lg md:leading-8 break-words\">Rennes a su se montrer convaincant avec des conditions particuli\u00e8rement int\u00e9ressantes. Mahdi Camara s&rsquo;\u00e9tait d\u00e9j\u00e0 mis d&rsquo;accord sur un contrat de quatre ans avec le Stade Rennais.<\/p>\n<p>Beye satisfait de son mercato<\/p>\n<p class=\"mb-4 text-lg md:leading-8 break-words\">Devant la presse ce mercredi apr\u00e8s-midi, Habib Beye s&rsquo;est r\u00e9joui du mercato rennais. <b><a href=\"https:\/\/fr.news.yahoo.com\/sport\/mercato-bourigeaud-%C3%A9tonn%C3%A9-voir-ex-195030060.html\" data-ylk=\"slk:Valentin Rongier;elm:context_link;itc:0;sec:content-canvas;outcm:mb_qualified_link;_E:mb_qualified_link;ct:story;\" class=\"link  yahoo-link\" target=\"_blank\" rel=\"noopener\">Valentin Rongier<\/a><\/b>, Quentin Merlin, Przemyslaw Frankowski&#8230; et tr\u00e8s prochainement Mahdi Camara, le Stade Rennais a mis\u00e9 sur le championnat de France.<\/p>\n<p class=\"mb-4 text-lg md:leading-8 break-words\">\u00ab\u00a0On a recrut\u00e9 Ligue 1 pour retrouver cette connaissance du championnat qui est difficile, a expliqu\u00e9 le coach de 47 ans. On continuera d&rsquo;enrichir l&rsquo;effectif avec des joueurs de qualit\u00e9.\u00a0\u00bb<\/p>\n<p class=\"mb-4 text-lg md:leading-8 break-words\">Avant de poursuivre: \u00ab\u00a0On a la chance d&rsquo;avoir un propri\u00e9taire qui permet \u00e0 ce club d&rsquo;\u00eatre tr\u00e8s \u00e9quilibr\u00e9, d&rsquo;avoir une direction sportive qui va dans le sens des choix de l&rsquo;entra\u00eeneur. Aujourd&rsquo;hui, il n&rsquo;y a aucun joueur qui arrivera au Stade Rennais s&rsquo;il n&rsquo;est pas souhait\u00e9 par toute une direction et tout cet alignement-l\u00e0.\u00a0\u00bb Vendredi en ouverture de la saison de Ligue 1, Rennes recevra l&rsquo;OM au Roazhon Park. Un choc qui constituera aussi la grande premi\u00e8re de la plateforme Ligue1+.<\/p>\n<p class=\"mb-4 text-lg md:leading-8 break-words\"><a href=\"https:\/\/rmcsport.bfmtv.com\/football\/transferts\/mercato-accord-entre-rennes-et-brest-pour-mahdi-camara_AV-202508130417.html#xtor=AL-68\" rel=\"nofollow noopener\" target=\"_blank\" data-ylk=\"slk:Article original publi\u00e9 sur RMC Sport;elm:context_link;itc:0;sec:content-canvas\" class=\"link \">Article original publi\u00e9 sur RMC Sport<\/a><\/p>\n","protected":false},"excerpt":{"rendered":"Le retournement de situation s&rsquo;est confirm\u00e9 pour Mahdi Camara. Alors qu&rsquo;il \u00e9tait proche de rejoindre l&rsquo;OGC Nice, le&hellip;\n","protected":false},"author":2,"featured_media":316844,"comment_status":"","ping_status":"","sticky":false,"template":"","format":"standard","meta":{"footnotes":""},"categories":[2821],"tags":[1111,11,3450,829,1153,1777,674,1011,27,17173,45531,12,39795,584,25,45532,3087,40284],"class_list":{"0":"post-316843","1":"post","2":"type-post","3":"status-publish","4":"format-standard","5":"has-post-thumbnail","7":"category-rennes","8":"tag-actu","9":"tag-actualites","10":"tag-brest","11":"tag-bretagne","12":"tag-conference-de-presse","13":"tag-eu","14":"tag-europe","15":"tag-fr","16":"tag-france","17":"tag-habib-beye","18":"tag-mahdi-camara","19":"tag-news","20":"tag-quentin-merlin","21":"tag-rennes","22":"tag-republique-francaise","23":"tag-retournement-de-situation","24":"tag-stade-rennais","25":"tag-valentin-rongier"},"share_on_mastodon":{"url":"https:\/\/pubeurope.com\/@fr\/115022848557911606","error":""},"_links":{"self":[{"href":"https:\/\/www.europesays.com\/fr\/wp-json\/wp\/v2\/posts\/316843","targetHints":{"allow":["GET"]}}],"collection":[{"href":"https:\/\/www.europesays.com\/fr\/wp-json\/wp\/v2\/posts"}],"about":[{"href":"https:\/\/www.europesays.com\/fr\/wp-json\/wp\/v2\/types\/post"}],"author":[{"embeddable":true,"href":"https:\/\/www.europesays.com\/fr\/wp-json\/wp\/v2\/users\/2"}],"replies":[{"embeddable":true,"href":"https:\/\/www.europesays.com\/fr\/wp-json\/wp\/v2\/comments?post=316843"}],"version-history":[{"count":0,"href":"https:\/\/www.europesays.com\/fr\/wp-json\/wp\/v2\/posts\/316843\/revisions"}],"wp:featuredmedia":[{"embeddable":true,"href":"https:\/\/www.europesays.com\/fr\/wp-json\/wp\/v2\/media\/316844"}],"wp:attachment":[{"href":"https:\/\/www.europesays.com\/fr\/wp-json\/wp\/v2\/media?parent=316843"}],"wp:term":[{"taxonomy":"category","embeddable":true,"href":"https:\/\/www.europesays.com\/fr\/wp-json\/wp\/v2\/categories?post=316843"},{"taxonomy":"post_tag","embeddable":true,"href":"https:\/\/www.europesays.com\/fr\/wp-json\/wp\/v2\/tags?post=316843"}],"curies":[{"name":"wp","href":"https:\/\/api.w.org\/{rel}","templated":true}]}}