{"id":316845,"date":"2025-08-13T18:22:16","date_gmt":"2025-08-13T18:22:16","guid":{"rendered":"https:\/\/www.europesays.com\/fr\/316845\/"},"modified":"2025-08-13T18:22:16","modified_gmt":"2025-08-13T18:22:16","slug":"la-mission-locale-de-schiltigheim-demenage","status":"publish","type":"post","link":"https:\/\/www.europesays.com\/fr\/316845\/","title":{"rendered":"la mission locale de Schiltigheim d\u00e9m\u00e9nage"},"content":{"rendered":"<p>Depuis le 5\u00a0ao\u00fbt, la mission locale et relais emploi (MLRE) de Schiltigheim s\u2019est install\u00e9e au 3, rue Gabrielle-Colette, \u00e0 Bischheim. Soit \u00e0 quelques centaines de m\u00e8tres de ses anciens locaux, rue Paul-Verlaine, aussi dans le quartier des \u00c9crivains mais c\u00f4t\u00e9 Schiltigheim.<\/p>\n<p>L\u2019organisme accompagne quelque 2\u00a0000 jeunes de 16 \u00e0 26 ans, ainsi que des adultes b\u00e9n\u00e9ficiaires du RSA, r\u00e9sidant dans les 11 communes du nord de l\u2019Eurom\u00e9tropole, de \u00ab\u00a0la place de Haguenau \u00e0 Kilstett\u00a0\u00bb, r\u00e9sument son pr\u00e9sident Yann Parisot et sa directrice Chryst\u00e8le Mauclert.<\/p>\n<p>Des locaux plus spacieux dans un b\u00e2timent neuf<\/p>\n<p>Avec ce d\u00e9m\u00e9nagement, la MLRE quitte une ancienne \u00e9picerie reconvertie&#8230;<\/p>\n","protected":false},"excerpt":{"rendered":"Depuis le 5\u00a0ao\u00fbt, la mission locale et relais emploi (MLRE) de Schiltigheim s\u2019est install\u00e9e au 3, rue Gabrielle-Colette,&hellip;\n","protected":false},"author":2,"featured_media":316846,"comment_status":"","ping_status":"","sticky":false,"template":"","format":"standard","meta":{"footnotes":""},"categories":[2820],"tags":[1111,11,2880,341,1777,674,107,1011,27,775,12,25,5512,801,640,3265],"class_list":{"0":"post-316845","1":"post","2":"type-post","3":"status-publish","4":"format-standard","5":"has-post-thumbnail","7":"category-strasbourg","8":"tag-actu","9":"tag-actualites","10":"tag-edition-strasbourg","11":"tag-emploi","12":"tag-eu","13":"tag-europe","14":"tag-fil-info","15":"tag-fr","16":"tag-france","17":"tag-grand-est","18":"tag-news","19":"tag-republique-francaise","20":"tag-schiltigheim","21":"tag-social","22":"tag-strasbourg","23":"tag-strasbourg-nord"},"share_on_mastodon":{"url":"https:\/\/pubeurope.com\/@fr\/115022852836590541","error":""},"_links":{"self":[{"href":"https:\/\/www.europesays.com\/fr\/wp-json\/wp\/v2\/posts\/316845","targetHints":{"allow":["GET"]}}],"collection":[{"href":"https:\/\/www.europesays.com\/fr\/wp-json\/wp\/v2\/posts"}],"about":[{"href":"https:\/\/www.europesays.com\/fr\/wp-json\/wp\/v2\/types\/post"}],"author":[{"embeddable":true,"href":"https:\/\/www.europesays.com\/fr\/wp-json\/wp\/v2\/users\/2"}],"replies":[{"embeddable":true,"href":"https:\/\/www.europesays.com\/fr\/wp-json\/wp\/v2\/comments?post=316845"}],"version-history":[{"count":0,"href":"https:\/\/www.europesays.com\/fr\/wp-json\/wp\/v2\/posts\/316845\/revisions"}],"wp:featuredmedia":[{"embeddable":true,"href":"https:\/\/www.europesays.com\/fr\/wp-json\/wp\/v2\/media\/316846"}],"wp:attachment":[{"href":"https:\/\/www.europesays.com\/fr\/wp-json\/wp\/v2\/media?parent=316845"}],"wp:term":[{"taxonomy":"category","embeddable":true,"href":"https:\/\/www.europesays.com\/fr\/wp-json\/wp\/v2\/categories?post=316845"},{"taxonomy":"post_tag","embeddable":true,"href":"https:\/\/www.europesays.com\/fr\/wp-json\/wp\/v2\/tags?post=316845"}],"curies":[{"name":"wp","href":"https:\/\/api.w.org\/{rel}","templated":true}]}}