{"id":316847,"date":"2025-08-13T18:23:17","date_gmt":"2025-08-13T18:23:17","guid":{"rendered":"https:\/\/www.europesays.com\/fr\/316847\/"},"modified":"2025-08-13T18:23:17","modified_gmt":"2025-08-13T18:23:17","slug":"negociations-avancees-entre-strasbourg-et-boulogne-pour-le-pret-delies-araar-fernandez","status":"publish","type":"post","link":"https:\/\/www.europesays.com\/fr\/316847\/","title":{"rendered":"N\u00e9gociations avanc\u00e9es entre Strasbourg et Boulogne pour le pr\u00eat d&rsquo;\u00c9lies Araar-Fernandez"},"content":{"rendered":"<p>Selon des informations exclusives d\u2019Africafoot, le club promu en Ligue 2, l\u2019US Boulogne, est en discussions avanc\u00e9es avec le Racing Club de Strasbourg pour le pr\u00eat, assorti d\u2019une option d\u2019achat, d\u2019<a href=\"https:\/\/africafoot.com\/tag\/elies-araar-fernandez\/\" data-wpel-link=\"internal\" rel=\"nofollow noopener\" target=\"_blank\">Elies Araar-Fernandez<\/a>, jeune lat\u00e9ral gauche de 18 ans \u00e9voluant en \u00e9quipe r\u00e9serve. L\u2019international tunisien U20 voit l\u00e0 une occasion r\u00eav\u00e9e de franchir un cap et de disputer sa premi\u00e8re saison chez les professionnels.<\/p>\n<p>N\u00e9 le 7 octobre 2006 \u00e0 Nice et d\u00e9tenteur de la double nationalit\u00e9 tunisienne, Araar-Fernandez a gravi les \u00e9chelons au sein du RC Strasbourg, des U17 \u00e0 l\u2019\u00e9quipe r\u00e9serve en National 3. Ce gaucher naturel a prolong\u00e9 r\u00e9cemment son contrat jusqu\u2019en juin 2029, preuve de la confiance plac\u00e9e en lui par le club alsacien.<\/p>\n<p><a style=\"color: #008000;\" href=\"https:\/\/africafoot.com\/espoirsafrique-qui-est-elies-araar-fernandez\/\" data-wpel-link=\"internal\" rel=\"nofollow noopener\" target=\"_blank\">#EspoirsAfrique \u2013 Qui est Elies Araar-Fernandez ?<\/a><\/p>\n<p>D\u00e9j\u00e0 s\u00e9lectionn\u00e9 \u00e0 deux reprises avec la Tunisie U20 \u2013 victoire 2-1 face \u00e0 la RD Congo le 13 octobre 2023, puis succ\u00e8s 4-2 contre l\u2019\u00c9gypte le 19 novembre 2023 \u2013 il s\u2019est distingu\u00e9 par sa r\u00e9gularit\u00e9 et son temp\u00e9rament de comp\u00e9titeur.<\/p>\n<p><img loading=\"lazy\" decoding=\"async\" class=\"alignnone size-full wp-image-201711\" src=\"https:\/\/www.europesays.com\/fr\/wp-content\/uploads\/2025\/08\/Elies-Araar-Fernandez.jpg\" alt=\"Elies Araar-Fernandez \" width=\"900\" height=\"600\"  \/>En qu\u00eate de renforts jeunes et ambitieux pour sa d\u00e9fense, Boulogne voit dans ce pr\u00eat avec option d\u2019achat un pari mesur\u00e9 : offrir au joueur une v\u00e9ritable exposition au haut niveau tout en conservant une marge de man\u0153uvre financi\u00e8re. D\u2019apr\u00e8s nos sources, les n\u00e9gociations touchent \u00e0 leur terme et un accord sur les modalit\u00e9s \u00e9conomiques pourrait \u00eatre trouv\u00e9 dans les prochains jours.<\/p>\n<p>Si l\u2019op\u00e9ration se conclut, Araar-Fernandez d\u00e9couvrira les exigences d\u2019une saison compl\u00e8te en Ligue 2, un environnement bien plus relev\u00e9 que le National 3. Une \u00e9tape charni\u00e8re dans sa carri\u00e8re, et une chance unique de confirmer tout son potentiel.<\/p>\n<p>Tr\u00e8s bient\u00f4t, Strasbourg disputera son match de la 1\u00e8re journ\u00e9e du championnat de France face au FC Metz. La soci\u00e9t\u00e9 de paris 1xbet (vous pouvez <a href=\"https:\/\/africafoot.com\/telecharger-1xbet\" data-wpel-link=\"internal\" rel=\"nofollow noopener\" target=\"_blank\">t\u00e9l\u00e9charger 1xbet<\/a> ici) propose les cotes suivantes pour ce match \u2013 l\u2019Strasbourg gagne \u00e0 2,10, un match nul est \u00e9valu\u00e9 \u00e0 3,35 et FC Metz gagne \u00e0 3,45.<\/p>\n","protected":false},"excerpt":{"rendered":"Selon des informations exclusives d\u2019Africafoot, le club promu en Ligue 2, l\u2019US Boulogne, est en discussions avanc\u00e9es avec&hellip;\n","protected":false},"author":2,"featured_media":316848,"comment_status":"","ping_status":"","sticky":false,"template":"","format":"standard","meta":{"footnotes":""},"categories":[2820],"tags":[1111,11,1777,674,1011,27,775,12,25,640],"class_list":{"0":"post-316847","1":"post","2":"type-post","3":"status-publish","4":"format-standard","5":"has-post-thumbnail","7":"category-strasbourg","8":"tag-actu","9":"tag-actualites","10":"tag-eu","11":"tag-europe","12":"tag-fr","13":"tag-france","14":"tag-grand-est","15":"tag-news","16":"tag-republique-francaise","17":"tag-strasbourg"},"share_on_mastodon":{"url":"https:\/\/pubeurope.com\/@fr\/115022856470610590","error":""},"_links":{"self":[{"href":"https:\/\/www.europesays.com\/fr\/wp-json\/wp\/v2\/posts\/316847","targetHints":{"allow":["GET"]}}],"collection":[{"href":"https:\/\/www.europesays.com\/fr\/wp-json\/wp\/v2\/posts"}],"about":[{"href":"https:\/\/www.europesays.com\/fr\/wp-json\/wp\/v2\/types\/post"}],"author":[{"embeddable":true,"href":"https:\/\/www.europesays.com\/fr\/wp-json\/wp\/v2\/users\/2"}],"replies":[{"embeddable":true,"href":"https:\/\/www.europesays.com\/fr\/wp-json\/wp\/v2\/comments?post=316847"}],"version-history":[{"count":0,"href":"https:\/\/www.europesays.com\/fr\/wp-json\/wp\/v2\/posts\/316847\/revisions"}],"wp:featuredmedia":[{"embeddable":true,"href":"https:\/\/www.europesays.com\/fr\/wp-json\/wp\/v2\/media\/316848"}],"wp:attachment":[{"href":"https:\/\/www.europesays.com\/fr\/wp-json\/wp\/v2\/media?parent=316847"}],"wp:term":[{"taxonomy":"category","embeddable":true,"href":"https:\/\/www.europesays.com\/fr\/wp-json\/wp\/v2\/categories?post=316847"},{"taxonomy":"post_tag","embeddable":true,"href":"https:\/\/www.europesays.com\/fr\/wp-json\/wp\/v2\/tags?post=316847"}],"curies":[{"name":"wp","href":"https:\/\/api.w.org\/{rel}","templated":true}]}}