{"id":316849,"date":"2025-08-13T18:24:13","date_gmt":"2025-08-13T18:24:13","guid":{"rendered":"https:\/\/www.europesays.com\/fr\/316849\/"},"modified":"2025-08-13T18:24:13","modified_gmt":"2025-08-13T18:24:13","slug":"un-vautour-segare-finit-sa-course-sur-le-pumptrack-puis-se-refugie-en-haut-dun-palmier-a-cagnes-sur-mer","status":"publish","type":"post","link":"https:\/\/www.europesays.com\/fr\/316849\/","title":{"rendered":"Un vautour s\u2019\u00e9gare, finit sa course sur le pumptrack puis se r\u00e9fugie en haut d\u2019un palmier \u00e0 Cagnes-sur-Mer"},"content":{"rendered":"<p>Un invit\u00e9 inattendu a point\u00e9 le bout de ses plumes \u00e0 l\u2019embouchure du Loup, ce mardi 12 ao\u00fbt 2025, dans l\u2019apr\u00e8s-midi.<\/p>\n<p>L\u2019animal, un vautour fauve probablement en provenance du Mercantour, a \u00e9t\u00e9 d\u00e9couvert par la police municipale de Cagnes-sur-Mer.<\/p>\n<p>Elle a alors contact\u00e9 Marina, b\u00e9n\u00e9vole \u00e0 la Ligue pour la protection des oiseaux, qui est \u00e9galement tr\u00e8s active sur le groupe Facebook les Cygnes du littoral. \u00ab\u00a0La police m\u2019adressait des photos pour que je puisse identifier l\u2019animal, raconte-t-elle. Mais le temps d\u2019arriver sur les lieux, le vautour s\u2019\u00e9tait envol\u00e9 vers le pumptrack, quelques dizaines de m\u00e8tres plus loin.\u00a0\u00bb<\/p>\n<p>Marina pense alors imm\u00e9diatement au nouveau centre de soins de Saint-C\u00e9zaire-sur-Siagne et pr\u00e9vient Lucie Contet, sa directrice, pour qu\u2019elle accueille le rapace, une fois captur\u00e9.<\/p>\n<p><strong>\u00ab\u00a0J\u2019ai r\u00e9ussi \u00e0 l\u2019attraper avec une \u00e9puisette en 5 minutes\u00a0\u00bb<\/strong><\/p>\n<p>\u00ab\u00a0Les vautours sont des animaux assez inoffensifs, souligne Marina. Leur physique peut laisser croire le contraire mais ils ne s\u2019attaquent qu\u2019aux charognes.\u00a0\u00bb Celui-ci n\u2019a pas fait exception \u00e0 la r\u00e8gle et n\u2019a pr\u00e9sent\u00e9 aucun signe d\u2019agressivit\u00e9.<\/p>\n<p>Loin de ses montagnes, il semblait surtout incommod\u00e9 par la circulation du bord de mer. \u00ab\u00a0Il s\u2019est envol\u00e9 pour rejoindre la cime d\u2019un palmier, 100m\u00e8tres plus loin, juste devant l\u2019hippodrome\u00a0\u00bb, poursuit Marina.<\/p>\n<p>Pour le d\u00e9loger de son arbre, il a fallu l\u2019aide des pompiers qui ont hiss\u00e9 la directrice du centre de soins sur une nacelle s\u00e9curis\u00e9e. \u00ab\u00a0J\u2019ai r\u00e9ussi \u00e0 l\u2019attraper avec une \u00e9puisette en 5 minutes, explique Lucie Contet qui est repartie dans son centre avec le rapace. Nous lui avons pratiqu\u00e9 un premier examen qui a permis de voir que tout allait bien.\u00a0\u00bb<\/p>\n<p><strong>L\u2019animal est en \u00ab\u00a0en bonne sant\u00e9\u00a0\u00bb<\/strong><\/p>\n<p>\u00a0<\/p>\n<\/p>\n<p>Pour la soigneuse, l\u2019animal s\u2019est \u00ab\u00a0juste \u00e9gar\u00e9\u00a0\u00bb: \u00ab\u00a0Nous l\u2019avons r\u00e9aliment\u00e9 [ce mercredi matin] et il est pr\u00eat \u00e0 \u00eatre accueilli par la Ligne pour la protection des oiseaux \u00ab\u00a0.<\/p>\n<p>Le seul regret de la directrice: ne pouvoir garder le vautour jusqu\u2019\u00e0 sa remise en libert\u00e9. \u00ab\u00a0Nous sommes habilit\u00e9s \u00e0 nous occuper de gros oiseaux mais par manque de moyens et d\u2019espace, nous ne pouvons pas le garder pour assurer sa r\u00e9habilitation, d\u00e9plore-t-elle. Notre infrastructure actuelle ne nous le permet pas et c\u2019est tr\u00e8s dommage.\u00a0\u00bb<\/p>\n<p>Le vautour est cependant \u00ab\u00a0en bonne sant\u00e9\u00a0\u00bb et devrait pouvoir rapidement regagner son habitat naturel. \u00ab\u00a0Les oiseaux passent en moyenne entre 15 jours et un mois en centre avant d\u2019\u00eatre r\u00e9habilit\u00e9s\u00a0\u00bb, pr\u00e9cise Lucie Contet.<\/p>\n<p>              <img ci-src=\"https:\/\/www.nicematin.com\/vie-locale\/protec\/DATA_ART_16074118-iKabH6I3.jpg?vh=c80ce5&amp;ci_seal=ec16c73fdf\" alt=\"\"\/><br \/>\n        Effray\u00e9, le vautour est ensuite all\u00e9 se r\u00e9fugier \u00e0 la cime d\u2019un palmier, devant l\u2019hippodrome.  <strong>Photo DR.<\/strong> <\/p>\n","protected":false},"excerpt":{"rendered":"Un invit\u00e9 inattendu a point\u00e9 le bout de ses plumes \u00e0 l\u2019embouchure du Loup, ce mardi 12 ao\u00fbt&hellip;\n","protected":false},"author":2,"featured_media":316850,"comment_status":"","ping_status":"","sticky":false,"template":"","format":"standard","meta":{"footnotes":""},"categories":[2819],"tags":[1111,11,1867,1777,674,1011,27,1757,12,2401,882,25,3366],"class_list":{"0":"post-316849","1":"post","2":"type-post","3":"status-publish","4":"format-standard","5":"has-post-thumbnail","7":"category-nice","8":"tag-actu","9":"tag-actualites","10":"tag-animaux","11":"tag-eu","12":"tag-europe","13":"tag-fr","14":"tag-france","15":"tag-insolite","16":"tag-news","17":"tag-nice","18":"tag-provence-alpes-cote-dazur","19":"tag-republique-francaise","20":"tag-vie-locale"},"share_on_mastodon":{"url":"https:\/\/pubeurope.com\/@fr\/115022860448572615","error":""},"_links":{"self":[{"href":"https:\/\/www.europesays.com\/fr\/wp-json\/wp\/v2\/posts\/316849","targetHints":{"allow":["GET"]}}],"collection":[{"href":"https:\/\/www.europesays.com\/fr\/wp-json\/wp\/v2\/posts"}],"about":[{"href":"https:\/\/www.europesays.com\/fr\/wp-json\/wp\/v2\/types\/post"}],"author":[{"embeddable":true,"href":"https:\/\/www.europesays.com\/fr\/wp-json\/wp\/v2\/users\/2"}],"replies":[{"embeddable":true,"href":"https:\/\/www.europesays.com\/fr\/wp-json\/wp\/v2\/comments?post=316849"}],"version-history":[{"count":0,"href":"https:\/\/www.europesays.com\/fr\/wp-json\/wp\/v2\/posts\/316849\/revisions"}],"wp:featuredmedia":[{"embeddable":true,"href":"https:\/\/www.europesays.com\/fr\/wp-json\/wp\/v2\/media\/316850"}],"wp:attachment":[{"href":"https:\/\/www.europesays.com\/fr\/wp-json\/wp\/v2\/media?parent=316849"}],"wp:term":[{"taxonomy":"category","embeddable":true,"href":"https:\/\/www.europesays.com\/fr\/wp-json\/wp\/v2\/categories?post=316849"},{"taxonomy":"post_tag","embeddable":true,"href":"https:\/\/www.europesays.com\/fr\/wp-json\/wp\/v2\/tags?post=316849"}],"curies":[{"name":"wp","href":"https:\/\/api.w.org\/{rel}","templated":true}]}}