{"id":316851,"date":"2025-08-13T18:25:14","date_gmt":"2025-08-13T18:25:14","guid":{"rendered":"https:\/\/www.europesays.com\/fr\/316851\/"},"modified":"2025-08-13T18:25:14","modified_gmt":"2025-08-13T18:25:14","slug":"avant-on-passait-nos-vacances-a-nice-maintenant-cest-roscoff-ils-viennent-echapper-a-la-canicule-en-bretagne-video","status":"publish","type":"post","link":"https:\/\/www.europesays.com\/fr\/316851\/","title":{"rendered":"\u00ab\u00a0Avant, on passait nos vacances \u00e0 Nice, maintenant, c\u2019est Roscoff\u00a0!\u00a0\u00bb\u00a0: ils viennent \u00e9chapper \u00e0 la canicule en Bretagne [Vid\u00e9o]"},"content":{"rendered":"<p>Il n\u2019y a qu\u2019\u00e0 jeter un \u0153il sur les cartes m\u00e9t\u00e9o de ce mois d\u2019ao\u00fbt 2025\u00a0: comme dans un album d\u2019\u00ab\u00a0Ast\u00e9rix\u00a0\u00bb, c\u2019est \u00e0 la pointe bretonne que l\u2019on r\u00e9siste le mieux\u2026 <a href=\"https:\/\/www.letelegramme.fr\/france\/canicule-exceptionnelle-en-france-les-records-tombent-6870087.php\" target=\"_blank\" rel=\"nofollow noopener\">\u00e0 la canicule<\/a>.<\/p>\n<p>Alors, depuis une dizaine de jours, les arriv\u00e9es de derni\u00e8re minute se multiplient, transformant les abords du 15 ao\u00fbt en v\u00e9ritable chemin de croix pour trouver un logement ou un emplacement en camping.<\/p>\n<p><img decoding=\"async\" src=\"https:\/\/www.europesays.com\/fr\/wp-content\/uploads\/2025\/08\/689cc0ee8269e32d870f59e5.1.jpeg\" width=\"480\" height=\"300\" class=\"web_golden_m\" loading=\"lazy\" alt=\"Affluence maximum sur le march\u00e9 de Roscoff. Un petit 19\u00a0\u00b0C, sous un ciel nuageux, pour bien commencer la journ\u00e9e.\"\/>Affluence maximum sur le march\u00e9 de Roscoff. Un petit 19\u00a0\u00b0C, sous un ciel nuageux, pour bien commencer la journ\u00e9e. (Le T\u00e9l\u00e9gramme\/St\u00e9phane J\u00e9z\u00e9quel)20 \u00b0C, ciel nuageux<\/p>\n<p>Sur le march\u00e9 de Roscoff (29), une foule dense et compacte arpente les quais de la cit\u00e9 de caract\u00e8re, face \u00e0 l\u2019\u00eele de Batz. Un petit 20 \u00b0C sous un ciel nuageux et une l\u00e9g\u00e8re brise de nord-ouest. Que demander de plus\u00a0? Certains ont gard\u00e9 les manches longues pendant qu\u2019\u00e0 400 km de l\u00e0, on fond comme un b\u00e2tonnet de glace au soleil. \u00ab\u00a0Chez nous, ce matin, \u00e0 Tarbes, dans les Pyr\u00e9n\u00e9es, <a href=\"https:\/\/www.letelegramme.fr\/france\/canicule-en-france-au-moins-cinq-communes-ont-battu-des-records-absolus-de-temperature-ce-mardi-6870563.php\" target=\"_blank\" rel=\"nofollow noopener\">il fait d\u00e9j\u00e0 30 \u00b0C et cela va d\u00e9passer les 40 cet apr\u00e8s-midi<\/a>\u00a0\u00bb, assurent C\u00e9cile et Marc, la quarantaine, ravis d\u2019\u00eatre en vacances \u00e0 l\u2019H\u00f4pital-Camfrout (29). \u00ab\u00a0Chez nous, on n\u2019aurait rien fait l\u2019apr\u00e8s-midi avec notre petit de 4 ans.\u00a0\u00bb<\/p>\n<p><img decoding=\"async\" src=\"https:\/\/www.europesays.com\/fr\/wp-content\/uploads\/2025\/08\/689cc0ee335433d60e030614.1.jpeg\" width=\"480\" height=\"300\" class=\"web_golden_m\" loading=\"lazy\" alt=\"Pr\u00e8s de 15\u00a0\u00b0C de moins qu\u2019\u00e0 Tarbes\u00a0! C\u00e9cile, Marc et Axel profitent de leurs vacances \u00e0 la fra\u00eeche dans le Finist\u00e8re.\"\/>Pr\u00e8s de 15\u00a0\u00b0C de moins qu\u2019\u00e0 Tarbes\u00a0! C\u00e9cile, Marc et Axel profitent de leurs vacances \u00e0 la fra\u00eeche dans le Finist\u00e8re. (Le T\u00e9l\u00e9gramme\/St\u00e9phane J\u00e9z\u00e9quel)<\/p>\n<p>Un peu plus loin, un couple originaire de Vend\u00e9e profite \u00e9galement du moment. \u00ab\u00a0On fuit les plages bond\u00e9es de chez nous mais cela n\u2019a pas \u00e9t\u00e9 simple de trouver \u00e0 garer notre fourgon dans un camping. Il a fallu en contacter dix avant d\u2019obtenir un emplacement.\u00a0\u00bb<\/p>\n<p>Devant le fromager, deux Italiens de Turin expliquent qu\u2019ils avaient l\u2019intention de se rendre en vill\u00e9giature en Espagne. Changement de plan de derni\u00e8re minute. En \u00e9tudiant une carte m\u00e9t\u00e9o, ils se sont retrouv\u00e9s \u00e0 Roscoff. \u00ab\u00a0Les Italiens sont nombreux cette ann\u00e9e, dans le Finist\u00e8re\u00a0\u00bb, remarque une commer\u00e7ante en charcuterie, qui a choisi de travailler en Bretagne \u00e0 partir de juin\u2026 parce qu\u2019il faut trop chaud ailleurs, l\u2019\u00e9t\u00e9, en France\u00a0!<\/p>\n<p>\u00ab Avant, on allait \u00e0 Nice\u00a0\u00bb<\/p>\n<p>Originaire de la r\u00e9gion parisienne, une famille au complet confirme qu\u2019\u00ab\u00a0elle vient aussi en Bretagne pour la m\u00e9t\u00e9o\u00a0\u00bb. \u00ab\u00a0Avant, on allait \u00e0 Nice mais c\u2019est termin\u00e9\u00a0! Maintenant, ce sont les Ni\u00e7ois que l\u2019on fait venir ici. On fait plein de choses toute la journ\u00e9e, on dort bien et mon mari, qui a une fragilit\u00e9 cardiaque, peut passer des vacances tranquilles\u00a0\u00bb, explique Myriam.<\/p>\n<p>En face, sur l\u2019\u00eele de Batz, la propri\u00e9taire d\u2019une maison secondaire confirme qu\u2019il n\u2019y a jamais autant de vacanciers, cet \u00e9t\u00e9, sur les plages et les bancs de sable \u00ab\u00a0pris d\u2019assaut\u00a0\u00bb. \u00ab\u00a0Les locations de ma maison sont boucl\u00e9es d\u00e8s septembre alors qu\u2019il y a quelques ann\u00e9es, on pouvait encore r\u00e9server jusqu\u2019en mai-juin.\u00a0\u00bb<\/p>\n<p>Dans les offices de tourisme c\u00f4tiers du Finist\u00e8re et des C\u00f4tes-d\u2019Armor, on confirme la tr\u00e8s grosse fr\u00e9quentation du moment, avec des demandes de r\u00e9servation qui se sont acc\u00e9l\u00e9r\u00e9es depuis la semaine derni\u00e8re.<\/p>\n<p>Peu d\u2019h\u00e9bergements disponibles<\/p>\n<p>M\u00eame son de cloche du c\u00f4t\u00e9 de Crozon (29). \u00ab\u00a0Mais il reste encore des emplacements dans les campings pour les sudistes qui voudraient fuir\u00a0!\u00a0\u00bb En revanche, plus aucune place <a href=\"https:\/\/www.letelegramme.fr\/finistere\/roscoff-29680\/le-camping-paradis-la-pointe-de-roscoff-participe-a-la-tournee-finisterienne-paradis-des-stars-286161.php\" target=\"_blank\" rel=\"nofollow noopener\">au camping de la Pointe, \u00e0 Roscoff<\/a> (90 emplacements) qui affiche complet depuis un mois, 15\u00a0% de chiffre d\u2019affaires suppl\u00e9mentaire et refuse une cinquantaine de sollicitations par jour. \u00ab\u00a0Avant, on pouvait toujours trouver le jour m\u00eame. Pas cette ann\u00e9e\u00a0\u00bb, r\u00e9sume Yvon Runeau, du camping Paradis, \u00e0 Santec (29).<\/p>\n<p><img decoding=\"async\" src=\"https:\/\/www.europesays.com\/fr\/wp-content\/uploads\/2025\/08\/689cc0ee185080640d03f1ce.1.jpeg\" width=\"480\" height=\"300\" class=\"web_golden_m\" loading=\"lazy\" alt=\"Plus de 50\u00a0demandes ne peuvent actuellement \u00eatre honor\u00e9es au camping Paradis de Santec. Certains tentent leur chance en se pr\u00e9sentant directement \u00e0 l\u2019accueil, apr\u00e8s avoir fait le tour des autres \u00e9tablissements.\"\/>Plus de 50\u00a0demandes ne peuvent actuellement \u00eatre honor\u00e9es au camping Paradis de Santec. Certains tentent leur chance en se pr\u00e9sentant directement \u00e0 l\u2019accueil, apr\u00e8s avoir fait le tour des autres \u00e9tablissements. (Le T\u00e9l\u00e9gramme\/St\u00e9phane J\u00e9z\u00e9quel)<\/p>\n<p>Au camping de la Plage de Cleut-Rouz, \u00e0 Fouesnant, dans le Sud-Finist\u00e8re, on est aussi complet depuis dix jours et on refuse une vingtaine de personnes par jour. \u00ab\u00a0Nous avons eu le m\u00eame rush lors de la canicule de mi-juillet, o\u00f9 les gens arrivaient beaucoup du sud de la France.\u00a0\u00bb<\/p>\n","protected":false},"excerpt":{"rendered":"Il n\u2019y a qu\u2019\u00e0 jeter un \u0153il sur les cartes m\u00e9t\u00e9o de ce mois d\u2019ao\u00fbt 2025\u00a0: comme dans&hellip;\n","protected":false},"author":2,"featured_media":316852,"comment_status":"","ping_status":"","sticky":false,"template":"","format":"standard","meta":{"footnotes":""},"categories":[2819],"tags":[1111,11,829,6698,32928,1777,674,3321,5127,1011,27,32925,11831,2131,12,2401,882,25,11837,11838,2528,2955],"class_list":{"0":"post-316851","1":"post","2":"type-post","3":"status-publish","4":"format-standard","5":"has-post-thumbnail","7":"category-nice","8":"tag-actu","9":"tag-actualites","10":"tag-bretagne","11":"tag-canicule","12":"tag-crozon","13":"tag-eu","14":"tag-europe","15":"tag-finistere","16":"tag-fouesnant","17":"tag-fr","18":"tag-france","19":"tag-hopital-camfrout","20":"tag-ile-de-batz","21":"tag-morlaix","22":"tag-news","23":"tag-nice","24":"tag-provence-alpes-cote-dazur","25":"tag-republique-francaise","26":"tag-roscoff","27":"tag-santec","28":"tag-vacances","29":"tag-videos"},"share_on_mastodon":{"url":"https:\/\/pubeurope.com\/@fr\/115022864403300583","error":""},"_links":{"self":[{"href":"https:\/\/www.europesays.com\/fr\/wp-json\/wp\/v2\/posts\/316851","targetHints":{"allow":["GET"]}}],"collection":[{"href":"https:\/\/www.europesays.com\/fr\/wp-json\/wp\/v2\/posts"}],"about":[{"href":"https:\/\/www.europesays.com\/fr\/wp-json\/wp\/v2\/types\/post"}],"author":[{"embeddable":true,"href":"https:\/\/www.europesays.com\/fr\/wp-json\/wp\/v2\/users\/2"}],"replies":[{"embeddable":true,"href":"https:\/\/www.europesays.com\/fr\/wp-json\/wp\/v2\/comments?post=316851"}],"version-history":[{"count":0,"href":"https:\/\/www.europesays.com\/fr\/wp-json\/wp\/v2\/posts\/316851\/revisions"}],"wp:featuredmedia":[{"embeddable":true,"href":"https:\/\/www.europesays.com\/fr\/wp-json\/wp\/v2\/media\/316852"}],"wp:attachment":[{"href":"https:\/\/www.europesays.com\/fr\/wp-json\/wp\/v2\/media?parent=316851"}],"wp:term":[{"taxonomy":"category","embeddable":true,"href":"https:\/\/www.europesays.com\/fr\/wp-json\/wp\/v2\/categories?post=316851"},{"taxonomy":"post_tag","embeddable":true,"href":"https:\/\/www.europesays.com\/fr\/wp-json\/wp\/v2\/tags?post=316851"}],"curies":[{"name":"wp","href":"https:\/\/api.w.org\/{rel}","templated":true}]}}