{"id":316853,"date":"2025-08-13T18:26:26","date_gmt":"2025-08-13T18:26:26","guid":{"rendered":"https:\/\/www.europesays.com\/fr\/316853\/"},"modified":"2025-08-13T18:26:26","modified_gmt":"2025-08-13T18:26:26","slug":"pres-de-nantes-ces-logements-sociaux-livres-en-septembre-ont-une-particularite","status":"publish","type":"post","link":"https:\/\/www.europesays.com\/fr\/316853\/","title":{"rendered":"Pr\u00e8s de Nantes. Ces logements sociaux livr\u00e9s en septembre ont une particularit\u00e9"},"content":{"rendered":"<p>            Par<br \/>\n        <strong><br \/>\n            <a href=\"https:\/\/actu.fr\/auteur\/journaliste-sm\" title=\"Consulter tous les articles de R\u00e9daction Clisson\" target=\"_blank\" rel=\"noopener\">R\u00e9daction Clisson<\/a><br \/>\n        <\/strong><\/p>\n<p>        Publi\u00e9 le<\/p>\n<p>            13 ao\u00fbt 2025 \u00e0 16h54        <\/p>\n<p>Elus et membres de la Nantaise d\u2019habitation ont proc\u00e9d\u00e9 derni\u00e8rement \u00e0 une visite de la r\u00e9sidence des Cam\u00e9lias, situ\u00e9e sur le rond-point de la Champagn\u00e8re \u00e0 l\u2019angle de la rue des Landes de la Pl\u00e9e et de la rue de Bretagne. A deux pas du centre-ville <a href=\"https:\/\/actu.fr\/pays-de-la-loire\/basse-goulaine_44009\" target=\"_blank\" rel=\"noopener\">de Basse-Goulaine.<\/a><\/p>\n<p class=\" wall-content\">Cet <b>immeuble de 13 logements sociaux <\/b>sera livr\u00e9 courant septembre, assuraient les protagonistes.<\/p>\n<p class=\" wall-content\">Celui-ci a une particularit\u00e9 : sept logements sont r\u00e9serv\u00e9s aux personnes en perte d\u2019autonomie li\u00e9e \u00e0 l\u2019\u00e2ge.<\/p>\n<p>Des T2 et T3<\/p>\n<p class=\" wall-content\">B\u00e2timent R + 2, avec une assise au sol de 696 m2, il comprend au rez-de-chauss\u00e9e un T3, un hall d\u2019entr\u00e9e, les caves et locaux techniques, ainsi qu\u2019un garage de 13 places dont une pour PMR (Personne \u00e0 mobilit\u00e9 r\u00e9duite).<\/p>\n<p class=\" wall-content\">Au premier \u00e9tage, quatre<b> T2 et deux T3 ont \u00e9t\u00e9 construits,<\/b> puis quatre T2 et un T3 au 2e \u00e9tage.<\/p>\n<p>Vid\u00e9os : en ce moment sur Actu<\/p>\n<p class=\" wall-content\">Huit arbres sont plant\u00e9s autour du b\u00e2timent et les dalles seront construites en b\u00e9ton poreux afin de ne pas stopper les eaux d\u2019infiltration.<\/p>\n<p class=\" wall-content\">Isolation renforc\u00e9e et menuiseries PVC performantes sont pr\u00e9vues pour les \u00e9conomies d\u2019\u00e9nergie.<\/p>\n<p class=\" wall-content\">Dans un souci esth\u00e9tique, la toiture est en tuile.<\/p>\n<p>Avec un ascenseur<\/p>\n<p class=\" wall-content\">Pour les sept logements r\u00e9serv\u00e9s \u00e0 des personnes en perte d\u2019autonomie li\u00e9e \u00e0 l\u2019\u00e2ge, des \u00e9quipements sp\u00e9cifiques ont \u00e9t\u00e9 install\u00e9s dans ces logements pour un surco\u00fbt \u00e9valu\u00e9 \u00e0 plus de 60 000\u00a0\u20ac.<\/p>\n<p class=\" wall-content\">Afin de permettre l\u2019\u00e9quilibre financier du projet, la SA HLM a sollicit\u00e9 <b>le concours financier de la ville<\/b> de <b>Basse-Goulaine<\/b> sous la forme d\u2019une subvention d\u2019\u00e9quilibre d\u2019un montant de 35 000\u00a0\u20ac permettant de couvrir les frais pr\u00e9cit\u00e9s.<\/p>\n<p class=\" wall-content\">Cette somme pourra \u00eatre d\u00e9ductible ult\u00e9rieurement du pr\u00e9l\u00e8vement SRU d\u00fb par la Ville.<\/p>\n<p class=\" wall-content\">Cette subvention couvre la porte de hall \u00e0 ouverture automatique, l\u2019installation d\u2019un ascenseur (habituellement obligatoire au-del\u00e0 de trois \u00e9tages), des douches \u00e0 l\u2019italienne, des barres d\u2019appui, des volets roulants \u00e9lectriques, <b>la hauteur des prises \u00e9lectriques et des cheminements lumineux <\/b>pour \u00e9viter les chutes nocturnes.<\/p>\n<p class=\" wall-content\">Suivez toute l\u2019actualit\u00e9 de vos villes et m\u00e9dias favoris en vous inscrivant \u00e0 <a href=\"https:\/\/moncompte.actu.fr\" title=\"D\u00e9couvez Mon Actu\" rel=\"nofollow noopener\" data-trk=\"{&quot;cta&quot;:{&quot;action&quot;:&quot;https:\\\/\\\/moncompte.actu.fr&quot;,&quot;category&quot;:&quot;mon compte&quot;,&quot;from&quot;:&quot;article footer&quot;,&quot;name&quot;:&quot;Mon actu&quot;,&quot;type&quot;:&quot;cta&quot;}}\" target=\"_blank\">Mon Actu<\/a>.<\/p>\n","protected":false},"excerpt":{"rendered":"Par R\u00e9daction Clisson Publi\u00e9 le 13 ao\u00fbt 2025 \u00e0 16h54 Elus et membres de la Nantaise d\u2019habitation ont&hellip;\n","protected":false},"author":2,"featured_media":316854,"comment_status":"","ping_status":"","sticky":false,"template":"","format":"standard","meta":{"footnotes":""},"categories":[2818],"tags":[1111,11,1777,674,1011,27,6459,766,12,2636,25,104,1352,2900],"class_list":{"0":"post-316853","1":"post","2":"type-post","3":"status-publish","4":"format-standard","5":"has-post-thumbnail","7":"category-nantes","8":"tag-actu","9":"tag-actualites","10":"tag-eu","11":"tag-europe","12":"tag-fr","13":"tag-france","14":"tag-logements-sociaux","15":"tag-nantes","16":"tag-news","17":"tag-pays-de-la-loire","18":"tag-republique-francaise","19":"tag-societe","20":"tag-urbanisme","21":"tag-vignoble-nantais"},"share_on_mastodon":{"url":"https:\/\/pubeurope.com\/@fr\/115022868290836579","error":""},"_links":{"self":[{"href":"https:\/\/www.europesays.com\/fr\/wp-json\/wp\/v2\/posts\/316853","targetHints":{"allow":["GET"]}}],"collection":[{"href":"https:\/\/www.europesays.com\/fr\/wp-json\/wp\/v2\/posts"}],"about":[{"href":"https:\/\/www.europesays.com\/fr\/wp-json\/wp\/v2\/types\/post"}],"author":[{"embeddable":true,"href":"https:\/\/www.europesays.com\/fr\/wp-json\/wp\/v2\/users\/2"}],"replies":[{"embeddable":true,"href":"https:\/\/www.europesays.com\/fr\/wp-json\/wp\/v2\/comments?post=316853"}],"version-history":[{"count":0,"href":"https:\/\/www.europesays.com\/fr\/wp-json\/wp\/v2\/posts\/316853\/revisions"}],"wp:featuredmedia":[{"embeddable":true,"href":"https:\/\/www.europesays.com\/fr\/wp-json\/wp\/v2\/media\/316854"}],"wp:attachment":[{"href":"https:\/\/www.europesays.com\/fr\/wp-json\/wp\/v2\/media?parent=316853"}],"wp:term":[{"taxonomy":"category","embeddable":true,"href":"https:\/\/www.europesays.com\/fr\/wp-json\/wp\/v2\/categories?post=316853"},{"taxonomy":"post_tag","embeddable":true,"href":"https:\/\/www.europesays.com\/fr\/wp-json\/wp\/v2\/tags?post=316853"}],"curies":[{"name":"wp","href":"https:\/\/api.w.org\/{rel}","templated":true}]}}