{"id":316857,"date":"2025-08-13T18:28:09","date_gmt":"2025-08-13T18:28:09","guid":{"rendered":"https:\/\/www.europesays.com\/fr\/316857\/"},"modified":"2025-08-13T18:28:09","modified_gmt":"2025-08-13T18:28:09","slug":"bison-fute-annonce-une-journee-rouge-en-gironde-et-sur-la-rocade-de-bordeaux","status":"publish","type":"post","link":"https:\/\/www.europesays.com\/fr\/316857\/","title":{"rendered":"Bison Fut\u00e9 annonce une journ\u00e9e rouge en Gironde et sur la rocade de Bordeaux"},"content":{"rendered":"<p>            Par<br \/>\n        <strong><br \/>\n            <a href=\"https:\/\/actu.fr\/auteur\/redaction-bordeaux\" title=\"Consulter tous les articles de R\u00e9daction Bordeaux\" target=\"_blank\" rel=\"noopener\">R\u00e9daction Bordeaux<\/a><br \/>\n        <\/strong><\/p>\n<p>        Publi\u00e9 le<\/p>\n<p>            13 ao\u00fbt 2025 \u00e0 18h24        <\/p>\n<p>Le week-end du 15 ao\u00fbt annonce une <a href=\"https:\/\/actu.fr\/tag\/vacances-scolaires\" target=\"_blank\" rel=\"noopener\">grande vague de retours de vacances<\/a> dans l\u2019Hexagone et la Gironde n\u2019y \u00e9chappera pas avec une <a href=\"https:\/\/actu.fr\/tag\/circulation\" target=\"_blank\" rel=\"noopener\">circulation jug\u00e9e tr\u00e8s difficile<\/a>, sur certains axes autoroutiers, samedi 16 ao\u00fbt 2025.<\/p>\n<p class=\" wall-content\">En effet, <a href=\"https:\/\/actu.fr\/tag\/bison-fute\" target=\"_blank\" rel=\"noopener\">Bison Fut\u00e9<\/a> pr\u00e9voit un <strong>jeudi orange<\/strong> sur les routes de la Gironde, avec une circulation dense le sens des d\u00e9parts, principalement sur <a href=\"https:\/\/actu.fr\/tag\/autoroute-10-a10\" target=\"_blank\" rel=\"noopener\">l\u2019A10<\/a> et <a href=\"https:\/\/actu.fr\/tag\/autoroute-63-a63\" target=\"_blank\" rel=\"noopener\">l\u2019A63<\/a>, de l\u2019Ile-de-France vers le Sud-Ouest et l\u2019Espagne.<\/p>\n<p class=\" wall-content\">La circulation est annonc\u00e9e fluide le lendemain et tous les voyants sont au vert, vendredi 15 ao\u00fbt, dans les deux sens.<\/p>\n<p>La rocade de Bordeaux est \u00e0 \u00e9viter ce samedi<\/p>\n<p class=\" wall-content\">En revanche, samedi 16 ao\u00fbt, <strong>le trafic devrait \u00eatre satur\u00e9 toute la journ\u00e9e<\/strong> sur l\u2019A63, entre Bayonne et Bordeaux, d\u00e8s 9 heures, puis sur l\u2019A10 entre Bordeaux et Orl\u00e9ans \u00e0 partir de 8 heures. La circulation sera aussi tr\u00e8s difficile sur la rocade de Bordeaux, principalement sur la partie sud.<\/p>\n<p class=\" wall-content\">Le lendemain, la circulation sera encore compliqu\u00e9e toute la journ\u00e9e, dans le sens des retours, entre Bayonne et Tours. Le trafic s\u2019annonce dense sur la rocade bordelaise et au niveau des bretelles de l\u2019A10 et de l\u2019A63.<\/p>\n<p class=\" wall-content\">Suivez toute l\u2019actualit\u00e9 de vos villes et m\u00e9dias favoris en vous inscrivant \u00e0 <a href=\"https:\/\/moncompte.actu.fr\" title=\"D\u00e9couvez Mon Actu\" rel=\"nofollow noopener\" data-trk=\"{&quot;cta&quot;:{&quot;action&quot;:&quot;https:\\\/\\\/moncompte.actu.fr&quot;,&quot;category&quot;:&quot;mon compte&quot;,&quot;from&quot;:&quot;article footer&quot;,&quot;name&quot;:&quot;Mon actu&quot;,&quot;type&quot;:&quot;cta&quot;}}\" target=\"_blank\">Mon Actu<\/a>.<\/p>\n","protected":false},"excerpt":{"rendered":"Par R\u00e9daction Bordeaux Publi\u00e9 le 13 ao\u00fbt 2025 \u00e0 18h24 Le week-end du 15 ao\u00fbt annonce une grande&hellip;\n","protected":false},"author":2,"featured_media":32345,"comment_status":"","ping_status":"","sticky":false,"template":"","format":"standard","meta":{"footnotes":""},"categories":[2817],"tags":[1111,11,6427,1997,3542,1777,674,1011,27,12,2219,25,104,3176],"class_list":{"0":"post-316857","1":"post","2":"type-post","3":"status-publish","4":"format-standard","5":"has-post-thumbnail","7":"category-bordeaux","8":"tag-actu","9":"tag-actualites","10":"tag-bison-fute","11":"tag-bordeaux","12":"tag-circulation","13":"tag-eu","14":"tag-europe","15":"tag-fr","16":"tag-france","17":"tag-news","18":"tag-nouvelle-aquitaine","19":"tag-republique-francaise","20":"tag-societe","21":"tag-vacances-scolaires"},"share_on_mastodon":{"url":"https:\/\/pubeurope.com\/@fr\/115022876200260592","error":""},"_links":{"self":[{"href":"https:\/\/www.europesays.com\/fr\/wp-json\/wp\/v2\/posts\/316857","targetHints":{"allow":["GET"]}}],"collection":[{"href":"https:\/\/www.europesays.com\/fr\/wp-json\/wp\/v2\/posts"}],"about":[{"href":"https:\/\/www.europesays.com\/fr\/wp-json\/wp\/v2\/types\/post"}],"author":[{"embeddable":true,"href":"https:\/\/www.europesays.com\/fr\/wp-json\/wp\/v2\/users\/2"}],"replies":[{"embeddable":true,"href":"https:\/\/www.europesays.com\/fr\/wp-json\/wp\/v2\/comments?post=316857"}],"version-history":[{"count":0,"href":"https:\/\/www.europesays.com\/fr\/wp-json\/wp\/v2\/posts\/316857\/revisions"}],"wp:featuredmedia":[{"embeddable":true,"href":"https:\/\/www.europesays.com\/fr\/wp-json\/wp\/v2\/media\/32345"}],"wp:attachment":[{"href":"https:\/\/www.europesays.com\/fr\/wp-json\/wp\/v2\/media?parent=316857"}],"wp:term":[{"taxonomy":"category","embeddable":true,"href":"https:\/\/www.europesays.com\/fr\/wp-json\/wp\/v2\/categories?post=316857"},{"taxonomy":"post_tag","embeddable":true,"href":"https:\/\/www.europesays.com\/fr\/wp-json\/wp\/v2\/tags?post=316857"}],"curies":[{"name":"wp","href":"https:\/\/api.w.org\/{rel}","templated":true}]}}