{"id":316860,"date":"2025-08-13T18:30:20","date_gmt":"2025-08-13T18:30:20","guid":{"rendered":"https:\/\/www.europesays.com\/fr\/316860\/"},"modified":"2025-08-13T18:30:20","modified_gmt":"2025-08-13T18:30:20","slug":"festival-baignade-marche-que-faire-a-toulouse-et-ses-alentours-pour-ce-long-week-end-du-15-aout","status":"publish","type":"post","link":"https:\/\/www.europesays.com\/fr\/316860\/","title":{"rendered":"Festival, baignade, march\u00e9&#8230; Que faire \u00e0 Toulouse et ses alentours pour ce long week-end du 15 ao\u00fbt\u00a0?"},"content":{"rendered":"<p>            Par<br \/>\n        <strong><br \/>\n            <a href=\"https:\/\/actu.fr\/auteur\/nina-hossein-zadeh\" title=\"Consulter tous les articles de Nina Hossein-Zadeh\" target=\"_blank\" rel=\"noopener\">Nina Hossein-Zadeh<\/a><br \/>\n        <\/strong><\/p>\n<p>        Publi\u00e9 le<\/p>\n<p>            13 ao\u00fbt 2025 \u00e0 19h55        <\/p>\n<p>C\u2019est un gros week-end qui attend les habitants de <a href=\"https:\/\/actu.fr\/toulouse\/\" target=\"_blank\" rel=\"noopener\"><strong>Toulouse<\/strong><\/a> et des alentours. Ce vendredi 15 ao\u00fbt 2025 est f\u00e9ri\u00e9 en raison de l\u2019Assomption. Pendant trois jours, les Toulousains vont pouvoir profiter des activit\u00e9s en ville. Voici une petite s\u00e9lection d\u2019id\u00e9es de sorties.<\/p>\n<p>#1. Concert \u00e0 l\u2019\u00e9glise Saint-Aubin<\/p>\n<p class=\" wall-content\">Les murs de l\u2019\u00e9glise Saint-Aubin vont vibrer au rythme de l\u2019orchestre Classik Ensemble, tout droit venu de Paris. Sous l\u2019archet de <strong>David Braccini<\/strong>, les artistes vont rejouer Les Quatre Saisons de <strong>Vivaldi<\/strong>, mais pas que. Ils reprendront \u00e9galement Petite musique de nuit de <strong>Mozart<\/strong> ou encore M\u00e9ditation de <strong>Tha\u00efs de Massenet<\/strong>. Un moment suspendu, tout en \u00e9motion pour c\u00e9l\u00e9brer le 15\u00a0ao\u00fbt\u2026 D\u00e8s 20h30 et sur r\u00e9servation.<\/p>\n<p>    <img   decoding=\"async\" loading=\"lazy\" src=\"https:\/\/www.europesays.com\/fr\/wp-content\/uploads\/2025\/08\/eglise-st-aubin-rue-riquet-toulouse-france-panoramio-960x640.jpg\" alt=\"L'\u00e9glise Saint-Aubin accueille un concert avec orchestre.\" width=\"960\" height=\"640\"\/><br \/>\n    L\u2019\u00e9glise Saint-Aubin accueille un concert avec orchestre. (\u00a9Maarten Sepp \/ Creative Common)#2. Festival Kermesse<\/p>\n<p class=\" wall-content\">La musique sera aussi au rendez-vous <strong>au Poney Club<\/strong> avec <a href=\"https:\/\/actu.fr\/occitanie\/toulouse_31555\/toulouse-shy-m-zaho-fatal-bazooka-ce-festival-va-dechainer-les-foules-avec-un-retour-dans-les-annees-2000_63016481.html\" target=\"_blank\" rel=\"noopener\">la Kermesse Festival<\/a>. Pour ce retour dans les ann\u00e9es 2000, plusieurs artistes vont d\u00e9filer sur sc\u00e8ne du jeudi 14 au samedi 16 ao\u00fbt 2025. <strong>Shy\u2019m, Fatal Bazooka, Cascada ou encore Oph\u00e9lie Winter<\/strong> vont mettre le feu ce week-end\u2009! <a href=\"https:\/\/lakermesse.fr\/\" target=\"_blank\" rel=\"noopener\">Pensez \u00e0 r\u00e9server<\/a> pour acc\u00e9der \u00e0 l\u2019\u00e9v\u00e9nement.<\/p>\n<p>    <img   decoding=\"async\" loading=\"lazy\" src=\"https:\/\/www.europesays.com\/fr\/wp-content\/uploads\/2025\/08\/kermesse-festival-960x640.jpeg\" alt=\"Le Kermesse Festival \u00e0 Toulouse ajoute une nouvelle date et de nouveaux artistes.\" width=\"960\" height=\"640\"\/><br \/>\n    La Kermesse Festival \u00e0 Toulouse va vous plonger dans les ann\u00e9es 2000. (\u00a9Kermesse Festival)#3. Opter pour une baignade<\/p>\n<p class=\" wall-content\">Il va faire chaud encore \u00e0 Toulouse ce week-end d\u2019apr\u00e8s les pr\u00e9visions de M\u00e9t\u00e9o France. Par ce cagnard, certains vont vouloir miser sur les <strong>spots de fra\u00eecheur<\/strong>\u2026 Et de baignades\u2009!<\/p>\n<p class=\" wall-content\"><strong>Muret Plage, La Ram\u00e9e, le lac de Saint-Ferr\u00e9ol, le lac de l\u2019Orme Blanc<\/strong> ou encore <strong>les piscines municipales de Toulouse<\/strong> et des alentours, les possibilit\u00e9s ne manquent pas.<\/p>\n<p class=\" wall-content\">Pour les baignades en lac et rivi\u00e8re, pensez \u00e0 v\u00e9rifier au pr\u00e9alable que le site est accessible et non contamin\u00e9 par des cyanobact\u00e9ries.<\/p>\n<p>    <img   decoding=\"async\" loading=\"lazy\" src=\"https:\/\/www.europesays.com\/fr\/wp-content\/uploads\/2025\/08\/lac-saint-ferreol-revel-960x640.jpeg\" alt=\"Le lac de Saint-Ferr\u00e9ol est une retenue d'eau.\" width=\"960\" height=\"640\"\/><br \/>\n    Le lac de Saint-Ferr\u00e9ol est une retenue d\u2019eau o\u00f9 se baigner. (\u00a9Mar\u00e9va Laville \/ Actu Toulouse)#4. Une sortie au mus\u00e9e<\/p>\n<p class=\" wall-content\"><strong>Les mus\u00e9es de Toulouse<\/strong> vont accueillir le public pour une sortie ludique\u2026 Au frais\u2009! Au Couvent des Jacobins, on teste l\u2019animation \u00ab\u00a0A table au Moyen-\u00c2ge\u00a0\u00bb le vendredi 15 ao\u00fbt ou \u00ab\u00a0Les manuscrits du Moyen-\u00c2ge\u00a0\u00bb le lendemain.<\/p>\n<p class=\" wall-content\">Le Museum de Toulouse est lui aussi ouvert, tout comme le mus\u00e9e Saint-Raymond avec ses visites flash le samedi 16 et dimanche 17 ao\u00fbt.<\/p>\n<p>    <img   decoding=\"async\" loading=\"lazy\" src=\"https:\/\/www.europesays.com\/fr\/wp-content\/uploads\/2025\/05\/museum-toulouse-elephant-960x640.jpg\" alt=\"Des expos, des salons, des concerts, du th\u00e9\u00e2tre, de la danse... Il y a de quoi faire ce week-end, \u00e0 Toulouse ! \" width=\"960\" height=\"640\"\/><br \/>\n    Le Museum de Toulouse. (\u00a9Gabriel Kenedi \/ Actu Toulouse)#5. Le dimanche des cr\u00e9ateurs<\/p>\n<p class=\" wall-content\">Comme chaque \u00e9t\u00e9, <strong>la place Saint-Pierre<\/strong> \u00e0 Toulouse est anim\u00e9e par le dimanche des cr\u00e9ateurs. Ce 17 ao\u00fbt, de 10 heures \u00e0 19 heures, les vendeurs seront en place pour accueillir les visiteurs. Bijoux, meubles, articles de mode, maroquineries ou encore d\u00e9corations, il y aura de quoi d\u00e9nicher de belles p\u00e9pites\u2009!<\/p>\n<p>    <img   decoding=\"async\" loading=\"lazy\" src=\"https:\/\/www.europesays.com\/fr\/wp-content\/uploads\/2025\/08\/Place-Saint-Pierre-Toulouse-960x640.jpg\" alt=\"Un march\u00e9 des bouquinistes va s'installer place Saint-Pierre \u00e0 Toulouse \u00e0 partir de la fin du mois d'octobre\" width=\"960\" height=\"640\"\/><br \/>\n    Le dimanche des cr\u00e9ateurs s\u2019installe sur la place Saint-Pierre \u00e0 Toulouse. (\u00a9DSS \/ Actu Toulouse)<\/p>\n<p class=\" wall-content\">Suivez toute l\u2019actualit\u00e9 de vos villes et m\u00e9dias favoris en vous inscrivant \u00e0 <a href=\"https:\/\/moncompte.actu.fr\" title=\"D\u00e9couvez Mon Actu\" rel=\"nofollow noopener\" data-trk=\"{&quot;cta&quot;:{&quot;action&quot;:&quot;https:\\\/\\\/moncompte.actu.fr&quot;,&quot;category&quot;:&quot;mon compte&quot;,&quot;from&quot;:&quot;article footer&quot;,&quot;name&quot;:&quot;Mon actu&quot;,&quot;type&quot;:&quot;cta&quot;}}\" target=\"_blank\">Mon Actu<\/a>.<\/p>\n","protected":false},"excerpt":{"rendered":"Par Nina Hossein-Zadeh Publi\u00e9 le 13 ao\u00fbt 2025 \u00e0 19h55 C\u2019est un gros week-end qui attend les habitants&hellip;\n","protected":false},"author":2,"featured_media":316861,"comment_status":"","ping_status":"","sticky":false,"template":"","format":"standard","meta":{"footnotes":""},"categories":[2816],"tags":[1111,11,1777,674,1011,27,1652,12,2680,25,1341,2312],"class_list":{"0":"post-316860","1":"post","2":"type-post","3":"status-publish","4":"format-standard","5":"has-post-thumbnail","7":"category-toulouse","8":"tag-actu","9":"tag-actualites","10":"tag-eu","11":"tag-europe","12":"tag-fr","13":"tag-france","14":"tag-loisirs-culture","15":"tag-news","16":"tag-occitanie","17":"tag-republique-francaise","18":"tag-sortir-a-toulouse","19":"tag-toulouse"},"share_on_mastodon":{"url":"https:\/\/pubeurope.com\/@fr\/115022884211926665","error":""},"_links":{"self":[{"href":"https:\/\/www.europesays.com\/fr\/wp-json\/wp\/v2\/posts\/316860","targetHints":{"allow":["GET"]}}],"collection":[{"href":"https:\/\/www.europesays.com\/fr\/wp-json\/wp\/v2\/posts"}],"about":[{"href":"https:\/\/www.europesays.com\/fr\/wp-json\/wp\/v2\/types\/post"}],"author":[{"embeddable":true,"href":"https:\/\/www.europesays.com\/fr\/wp-json\/wp\/v2\/users\/2"}],"replies":[{"embeddable":true,"href":"https:\/\/www.europesays.com\/fr\/wp-json\/wp\/v2\/comments?post=316860"}],"version-history":[{"count":0,"href":"https:\/\/www.europesays.com\/fr\/wp-json\/wp\/v2\/posts\/316860\/revisions"}],"wp:featuredmedia":[{"embeddable":true,"href":"https:\/\/www.europesays.com\/fr\/wp-json\/wp\/v2\/media\/316861"}],"wp:attachment":[{"href":"https:\/\/www.europesays.com\/fr\/wp-json\/wp\/v2\/media?parent=316860"}],"wp:term":[{"taxonomy":"category","embeddable":true,"href":"https:\/\/www.europesays.com\/fr\/wp-json\/wp\/v2\/categories?post=316860"},{"taxonomy":"post_tag","embeddable":true,"href":"https:\/\/www.europesays.com\/fr\/wp-json\/wp\/v2\/tags?post=316860"}],"curies":[{"name":"wp","href":"https:\/\/api.w.org\/{rel}","templated":true}]}}