{"id":316866,"date":"2025-08-13T18:33:20","date_gmt":"2025-08-13T18:33:20","guid":{"rendered":"https:\/\/www.europesays.com\/fr\/316866\/"},"modified":"2025-08-13T18:33:20","modified_gmt":"2025-08-13T18:33:20","slug":"lille-perd-un-nouveau-taulier-le-defenseur-central-bafode-diakite","status":"publish","type":"post","link":"https:\/\/www.europesays.com\/fr\/316866\/","title":{"rendered":"Lille perd un nouveau taulier, le d\u00e9fenseur central Bafod\u00e9 Diakit\u00e9"},"content":{"rendered":"<p>Apr\u00e8s son avant-centre num\u00e9ro\u00a01 Jonathan David, parti \u00e0 l\u2019AC\u00a0Milan, son gardien titulaire <a target=\"_self\" href=\"https:\/\/www.lanouvellerepublique.fr\/a-la-une\/un-gamin-qui-realise-son-reve-lucas-chevalier-est-officiellement-au-psg-1754768512\" rel=\"nofollow noopener\">Lucas Chevalier, au PSG<\/a>, Lille perd son taulier de la d\u00e9fense Bafod\u00e9 Diakit\u00e9. Le d\u00e9part de l\u2019arri\u00e8re central franco-guin\u00e9en vers Bournemouth, 9e de Premier League la saison derni\u00e8re, a \u00e9t\u00e9 officialis\u00e9 ce mercredi. Il a sign\u00e9 un contrat de cinq ans avec le club du sud de l\u2019Angleterre.<\/p>\n<p>Ce transfert est estim\u00e9 \u00e0 40\u00a0millions d\u2019euros, selon L\u2019\u00c9quipe. Il s\u2019agit donc d\u2019une belle op\u00e9ration financi\u00e8re pour Lille, habitu\u00e9 \u00e0 bien vendre ses d\u00e9fenseurs centraux aux clubs anglais ces derni\u00e8res saisons (Gabriel \u00e0 Arsenal, Sven Botman \u00e0 Newcastle, Leny Yoro \u00e0 Manchester United). Mais \u00e0 quelques jours de la reprise de la Ligue 1 (le Losc d\u00e9butera \u00e0 Brest dimanche \u00e0 15\u00a0h), c\u2019est aussi d\u2019une grande perte sportive.<\/p>\n<p>Joueur le plus utilis\u00e9 par Genesio l\u2019an dernier<\/p>\n<p>Car Diakit\u00e9, 24\u00a0ans, a \u00e9t\u00e9 le joueur de champ qui a disput\u00e9 le plus grand nombre de minutes la saison pass\u00e9e. Avec le Br\u00e9silien Alexsandro, il a form\u00e9 la charni\u00e8re centrale inamovible de l\u2019entra\u00eeneur Bruno Genesio. Ensemble, ils ont fait partie de la deuxi\u00e8me meilleure d\u00e9fense de Ligue 1 et ont grandement particip\u00e9 \u00e0 la bonne campagne des Dogues en Ligue des champions, conclue par une am\u00e8re \u00e9limination en huiti\u00e8me de finale contre Dortmund.<\/p>\n<p>Au total, le Franco-Guin\u00e9en a disput\u00e9 112 matchs (13 buts) en trois saisons sous le maillot lillois. Il aura pour t\u00e2che \u00e0 Bournemouth de remplacer l\u2019Ukrainien <a target=\"_self\" href=\"https:\/\/www.lanouvellerepublique.fr\/sports\/le-psg-officialise-l-arrivee-du-defenseur-ukrainien-illia-zabarnyi-1755006813\" rel=\"nofollow noopener\">Illia Zabarnyi, qui a sign\u00e9 au Paris Saint-Germain<\/a>.<\/p>\n<p>En une semaine, Lille a donc perdu deux \u00e9l\u00e9ments cruciaux de sa d\u00e9fense, apr\u00e8s le d\u00e9part du gardien Lucas Chevalier \u00e0 Paris. Ces deux pertes, ainsi que celle de Jonathan David, soulignent un peu plus le nouveau cycle que les Lillois vont d\u00e9buter.<\/p>\n","protected":false},"excerpt":{"rendered":"Apr\u00e8s son avant-centre num\u00e9ro\u00a01 Jonathan David, parti \u00e0 l\u2019AC\u00a0Milan, son gardien titulaire Lucas Chevalier, au PSG, Lille perd&hellip;\n","protected":false},"author":2,"featured_media":316867,"comment_status":"","ping_status":"","sticky":false,"template":"","format":"standard","meta":{"footnotes":""},"categories":[2815],"tags":[1111,11,1777,674,63,1011,27,811,66,1307,12,25,60],"class_list":{"0":"post-316866","1":"post","2":"type-post","3":"status-publish","4":"format-standard","5":"has-post-thumbnail","7":"category-lille","8":"tag-actu","9":"tag-actualites","10":"tag-eu","11":"tag-europe","12":"tag-football","13":"tag-fr","14":"tag-france","15":"tag-hauts-de-france","16":"tag-ligue-1","17":"tag-lille","18":"tag-news","19":"tag-republique-francaise","20":"tag-sports"},"share_on_mastodon":{"url":"https:\/\/pubeurope.com\/@fr\/115022895763065105","error":""},"_links":{"self":[{"href":"https:\/\/www.europesays.com\/fr\/wp-json\/wp\/v2\/posts\/316866","targetHints":{"allow":["GET"]}}],"collection":[{"href":"https:\/\/www.europesays.com\/fr\/wp-json\/wp\/v2\/posts"}],"about":[{"href":"https:\/\/www.europesays.com\/fr\/wp-json\/wp\/v2\/types\/post"}],"author":[{"embeddable":true,"href":"https:\/\/www.europesays.com\/fr\/wp-json\/wp\/v2\/users\/2"}],"replies":[{"embeddable":true,"href":"https:\/\/www.europesays.com\/fr\/wp-json\/wp\/v2\/comments?post=316866"}],"version-history":[{"count":0,"href":"https:\/\/www.europesays.com\/fr\/wp-json\/wp\/v2\/posts\/316866\/revisions"}],"wp:featuredmedia":[{"embeddable":true,"href":"https:\/\/www.europesays.com\/fr\/wp-json\/wp\/v2\/media\/316867"}],"wp:attachment":[{"href":"https:\/\/www.europesays.com\/fr\/wp-json\/wp\/v2\/media?parent=316866"}],"wp:term":[{"taxonomy":"category","embeddable":true,"href":"https:\/\/www.europesays.com\/fr\/wp-json\/wp\/v2\/categories?post=316866"},{"taxonomy":"post_tag","embeddable":true,"href":"https:\/\/www.europesays.com\/fr\/wp-json\/wp\/v2\/tags?post=316866"}],"curies":[{"name":"wp","href":"https:\/\/api.w.org\/{rel}","templated":true}]}}