{"id":316868,"date":"2025-08-13T18:34:12","date_gmt":"2025-08-13T18:34:12","guid":{"rendered":"https:\/\/www.europesays.com\/fr\/316868\/"},"modified":"2025-08-13T18:34:12","modified_gmt":"2025-08-13T18:34:12","slug":"notre-serie-vue-sur-maire-incendie-des-nouvelles-galeries-feu-sur-henri-tasso","status":"publish","type":"post","link":"https:\/\/www.europesays.com\/fr\/316868\/","title":{"rendered":"NOTRE S\u00c9RIE &#8211; Vue sur maire\u00a0: Incendie des Nouvelles Galeries, feu sur Henri Tasso"},"content":{"rendered":"<p>Rares sont les \u00e9v\u00e9nements dont chacun a un souvenir, plus ou moins vague. <a href=\"https:\/\/www.laprovence.com\/article\/politique\/5216771\/lincendie-qui-bouscula-lhistoire.html\" target=\"_blank\" rel=\"noopener\">L\u2019incendie des Nouvelles Galeries sur la Canebi\u00e8re, le 28\u00a0octobre\u00a01938<\/a>, en fait partie. Ses 73 morts, le scandale de l\u2019organisation des secours, la crise politique qui s\u2019ensuivit sur fond de mont\u00e9e des fascismes et ses cons\u00e9quences (dont la cr\u00e9ation du Bataillon des marins-pompiers), ont marqu\u00e9 Marseille jusqu\u2019\u00e0 aujourd\u2019hui.<\/p>\n","protected":false},"excerpt":{"rendered":"Rares sont les \u00e9v\u00e9nements dont chacun a un souvenir, plus ou moins vague. L\u2019incendie des Nouvelles Galeries sur&hellip;\n","protected":false},"author":2,"featured_media":316869,"comment_status":"","ping_status":"","sticky":false,"template":"","format":"standard","meta":{"footnotes":""},"categories":[2814],"tags":[17,1111,11,154,1777,674,1011,27,1310,5107,884,12,14455,316,882,25,521,3356,13373],"class_list":{"0":"post-316868","1":"post","2":"type-post","3":"status-publish","4":"format-standard","5":"has-post-thumbnail","7":"category-marseille","8":"tag-17","9":"tag-actu","10":"tag-actualites","11":"tag-des","12":"tag-eu","13":"tag-europe","14":"tag-fr","15":"tag-france","16":"tag-incendie","17":"tag-maire","18":"tag-marseille","19":"tag-news","20":"tag-notre","21":"tag-politique","22":"tag-provence-alpes-cote-dazur","23":"tag-republique-francaise","24":"tag-serie","25":"tag-sur","26":"tag-vue"},"share_on_mastodon":{"url":"https:\/\/pubeurope.com\/@fr\/115022899796542330","error":""},"_links":{"self":[{"href":"https:\/\/www.europesays.com\/fr\/wp-json\/wp\/v2\/posts\/316868","targetHints":{"allow":["GET"]}}],"collection":[{"href":"https:\/\/www.europesays.com\/fr\/wp-json\/wp\/v2\/posts"}],"about":[{"href":"https:\/\/www.europesays.com\/fr\/wp-json\/wp\/v2\/types\/post"}],"author":[{"embeddable":true,"href":"https:\/\/www.europesays.com\/fr\/wp-json\/wp\/v2\/users\/2"}],"replies":[{"embeddable":true,"href":"https:\/\/www.europesays.com\/fr\/wp-json\/wp\/v2\/comments?post=316868"}],"version-history":[{"count":0,"href":"https:\/\/www.europesays.com\/fr\/wp-json\/wp\/v2\/posts\/316868\/revisions"}],"wp:featuredmedia":[{"embeddable":true,"href":"https:\/\/www.europesays.com\/fr\/wp-json\/wp\/v2\/media\/316869"}],"wp:attachment":[{"href":"https:\/\/www.europesays.com\/fr\/wp-json\/wp\/v2\/media?parent=316868"}],"wp:term":[{"taxonomy":"category","embeddable":true,"href":"https:\/\/www.europesays.com\/fr\/wp-json\/wp\/v2\/categories?post=316868"},{"taxonomy":"post_tag","embeddable":true,"href":"https:\/\/www.europesays.com\/fr\/wp-json\/wp\/v2\/tags?post=316868"}],"curies":[{"name":"wp","href":"https:\/\/api.w.org\/{rel}","templated":true}]}}