{"id":316872,"date":"2025-08-13T18:36:19","date_gmt":"2025-08-13T18:36:19","guid":{"rendered":"https:\/\/www.europesays.com\/fr\/316872\/"},"modified":"2025-08-13T18:36:19","modified_gmt":"2025-08-13T18:36:19","slug":"lyon-pietonnisation-cours-charlemagne-les-riverains-sont-partages","status":"publish","type":"post","link":"https:\/\/www.europesays.com\/fr\/316872\/","title":{"rendered":"Lyon. Pi\u00e9tonnisation cours Charlemagne\u00a0: les riverains sont partag\u00e9s"},"content":{"rendered":"<p>On le sait depuis le d\u00e9but de l\u2019ann\u00e9e, la pi\u00e9tonnisation du cours Charlemagne, entre le quai Riboud et la rue Montrochet, a \u00e9t\u00e9 act\u00e9e par la M\u00e9tropole \u00e9cologiste de Lyon. Exp\u00e9riment\u00e9e depuis 2021, cette pi\u00e9tonnisation \u00ab\u00a0a fait ses preuves et a contribu\u00e9 \u00e0 apaiser le quartier de la Confluence\u00a0\u00bb, expliquaient les \u00e9lus lors d\u2019une r\u00e9union publique, tenue en mars dernier.<\/p>\n<p>Dans les grandes lignes, il est donc question de r\u00e9partir les usages. Du c\u00f4t\u00e9 du p\u00f4le de loisirs et de commerce, une grande rambla de dix m\u00e8tres de large, assortie d\u2019ombri\u00e8res et de mobilier de d\u00e9tente, permettra aux&#8230;<\/p>\n","protected":false},"excerpt":{"rendered":"On le sait depuis le d\u00e9but de l\u2019ann\u00e9e, la pi\u00e9tonnisation du cours Charlemagne, entre le quai Riboud et&hellip;\n","protected":false},"author":2,"featured_media":316873,"comment_status":"","ping_status":"","sticky":false,"template":"","format":"standard","meta":{"footnotes":""},"categories":[1889],"tags":[1111,11,2430,4749,33,2757,1777,674,1011,27,3539,2428,2756,12,316,25,2429],"class_list":{"0":"post-316872","1":"post","2":"type-post","3":"status-publish","4":"format-standard","5":"has-post-thumbnail","7":"category-lyon","8":"tag-actu","9":"tag-actualites","10":"tag-auvergne-rhone-alpes","11":"tag-btp-et-chantiers","12":"tag-economie","13":"tag-edition-lyon-villeurbanne","14":"tag-eu","15":"tag-europe","16":"tag-fr","17":"tag-france","18":"tag-les-ecologistes","19":"tag-lyon","20":"tag-lyon-bassin","21":"tag-news","22":"tag-politique","23":"tag-republique-francaise","24":"tag-rhone"},"share_on_mastodon":{"url":"https:\/\/pubeurope.com\/@fr\/115022907629367399","error":""},"_links":{"self":[{"href":"https:\/\/www.europesays.com\/fr\/wp-json\/wp\/v2\/posts\/316872","targetHints":{"allow":["GET"]}}],"collection":[{"href":"https:\/\/www.europesays.com\/fr\/wp-json\/wp\/v2\/posts"}],"about":[{"href":"https:\/\/www.europesays.com\/fr\/wp-json\/wp\/v2\/types\/post"}],"author":[{"embeddable":true,"href":"https:\/\/www.europesays.com\/fr\/wp-json\/wp\/v2\/users\/2"}],"replies":[{"embeddable":true,"href":"https:\/\/www.europesays.com\/fr\/wp-json\/wp\/v2\/comments?post=316872"}],"version-history":[{"count":0,"href":"https:\/\/www.europesays.com\/fr\/wp-json\/wp\/v2\/posts\/316872\/revisions"}],"wp:featuredmedia":[{"embeddable":true,"href":"https:\/\/www.europesays.com\/fr\/wp-json\/wp\/v2\/media\/316873"}],"wp:attachment":[{"href":"https:\/\/www.europesays.com\/fr\/wp-json\/wp\/v2\/media?parent=316872"}],"wp:term":[{"taxonomy":"category","embeddable":true,"href":"https:\/\/www.europesays.com\/fr\/wp-json\/wp\/v2\/categories?post=316872"},{"taxonomy":"post_tag","embeddable":true,"href":"https:\/\/www.europesays.com\/fr\/wp-json\/wp\/v2\/tags?post=316872"}],"curies":[{"name":"wp","href":"https:\/\/api.w.org\/{rel}","templated":true}]}}