{"id":316874,"date":"2025-08-13T18:37:12","date_gmt":"2025-08-13T18:37:12","guid":{"rendered":"https:\/\/www.europesays.com\/fr\/316874\/"},"modified":"2025-08-13T18:37:12","modified_gmt":"2025-08-13T18:37:12","slug":"ces-lyonnais-peuvent-camper-dans-un-parc-de-la-ville-pour-echapper-a-la-canicule","status":"publish","type":"post","link":"https:\/\/www.europesays.com\/fr\/316874\/","title":{"rendered":"Ces Lyonnais peuvent camper dans un parc de la ville pour \u00e9chapper \u00e0 la canicule"},"content":{"rendered":"<p>        <img decoding=\"async\" loading=\"lazy\" src=\"https:\/\/www.europesays.com\/fr\/wp-content\/uploads\/2025\/08\/a2b4aa5_upload-1-xnwflsauushv-000-1j43au.jpg\"  width=\"728\" height=\"409\" alt=\"Le parc Blandan, \u00e0 Lyon, reste ouvert pour une deuxi\u00e8me nuit cons\u00e9cutive, entre mervredi 13\u00a0ao\u00fbt et jeudi 14\u00a0ao\u00fbt. (Photo d\u2019illustration du parc Blandan)\"\/>  <\/p>\n<p>PHILIPPE DESMAZES \/ AFP<\/p>\n<p>Le parc Blandan, \u00e0 Lyon, reste ouvert pour une deuxi\u00e8me nuit cons\u00e9cutive, entre mervredi 13\u00a0ao\u00fbt et jeudi 14\u00a0ao\u00fbt. (Photo d\u2019illustration du parc Blandan)<\/p>\n<p class=\"asset asset-text\">FRANCE &#8211; Les arbres, nos meilleurs alli\u00e9s. Depuis ce mardi 12\u00a0ao\u00fbt, alors que <a href=\"https:\/\/www.huffingtonpost.fr\/faits-divers\/article\/arrestation-du-codetenu-du-prisonnier-qui-s-etait-echappe-de-la-prison-de-lyon-corbas-dans-un-sac_252587.html\" target=\"_blank\" rel=\"noopener\">Lyon <\/a>est plac\u00e9e en <a href=\"https:\/\/www.huffingtonpost.fr\/france\/article\/canicule-la-vigilance-rouge-maintenue-jusqu-a-jeudi-dans-5-departements-mais-le-risque-d-orages-en-hausse_253532.html\" target=\"_blank\" rel=\"noopener\">vigilance rouge<\/a> pour canicule, la ville a d\u00e9cid\u00e9 de prendre une mesure exceptionnelle\u00a0: laisser ouvert le parc Blandan, dans le 7e arrondissement, toute la nuit. Apr\u00e8s un apr\u00e8s-midi sous plus de 40\u00a0degr\u00e9s, certains Lyonnais pourront donc en profiter pour dormir \u00e0 la belle \u00e9toile\u00a0!<\/p>\n<p class=\"asset asset-text\">\u00ab\u00a0Le parc est frais la nuit, c\u2019est une alternative aux logements tr\u00e8s chauds, aux logements bouilloires\u00a0\u00bb, explique Fanny Dubot, maire \u00e9cologiste du 7e arrondissement, aupr\u00e8s de nos confr\u00e8res du <a href=\"https:\/\/www.leprogres.fr\/environnement\/2025\/08\/13\/dormir-ici-pourquoi-pour-faire-face-a-la-canicule-a-lyon-le-parc-blandan-ouvert-toute-la-nuit\" target=\"_blank\" rel=\"noopener\" title=\"Nouvelle fen\u00eatre\">Progr\u00e8s<\/a>. Un habitant confirme \u00e0 <a href=\"https:\/\/actu.fr\/auvergne-rhone-alpes\/lyon_69123\/canicule-a-lyon-des-habitants-dorment-dans-un-parc-on-meurt-de-chaud-dans-nos-appartements_63031269.html\" target=\"_blank\" rel=\"noopener\" title=\"Nouvelle fen\u00eatre\">actu\u00a0Lyon\u00a0<\/a>: \u00ab\u00a0On meurt de chaud dans nos appartements\u00a0\u00bb<\/p>\n<p class=\"asset asset-text\">Le journal local a pass\u00e9 la fin de soir\u00e9e \u00e0 d\u00e9ambuler dans le parc pour venir \u00e0 la rencontre des habitants qui profitaient de la fra\u00eecheur du parc. Certains ne s\u2019y voient pas dormir \u00ab\u00a0\u00e0 cause des moustiques\u00a0\u00bb, d\u2019autres profitent au moins de pouvoir rester tard dans cet \u00e9crin de verture de 17 hectares. \u00c9lodie, 27\u00a0ans, est notamment venue danser avec son association, elle souligne\u00a0: \u00ab\u00a0Pouvoir danser un peu plus tard et au frais, c\u2019est tout b\u00e9n\u00e9fique pour nous.\u00a0\u00bb<\/p>\n<p>    \u00ab\u00a0C\u2019est une autre exp\u00e9rience que d\u2019avoir un ventilateur point\u00e9 sur soi\u00a0\u00bb    <\/p>\n<p class=\"asset asset-text\">Cette derni\u00e8re pointe aussi les b\u00e9n\u00e9fices de cette mesure pour les personnes sans-abri\u00a0: \u00ab\u00a0Pour celles et ceux qui dorment dans la rue, c\u2019est une bonne solution pour dormir au frais et au calme.\u00a0\u00bb<\/p>\n<p class=\"asset asset-text\">Et des Lyonnais ont vraiment tent\u00e9 l\u2019exp\u00e9rience d\u2019une nuit compl\u00e8te en ext\u00e9rieur, \u00e0 l\u2019instar de Pierre Fromont. Le jeune homme confiait au m\u00e9dia actu Lyon avant de dormir dans son sac de couchage\u00a0: \u00ab\u00a0Disons que c\u2019est une autre exp\u00e9rience que d\u2019avoir un ventilateur point\u00e9 sur soi pendant neuf heures d\u2019affil\u00e9e avec un bruit ambiant\u00a0\u00bb.<\/p>\n<p> La lecture de ce contenu est susceptible d\u2019entra\u00eener un d\u00e9p\u00f4t de cookies de la part de l\u2019op\u00e9rateur tiers qui l\u2019h\u00e9berge. Compte-tenu des choix que vous avez exprim\u00e9s en mati\u00e8re de d\u00e9p\u00f4t de cookies, nous avons bloqu\u00e9 l\u2019affichage de ce contenu. Si vous souhaitez y acc\u00e9der, vous devez accepter la cat\u00e9gorie de cookies \u201cContenus tiers\u201d en cliquant sur le bouton ci-dessous. <\/p>\n<p> Lire la Vid\u00e9o        <\/p>\n<p class=\"asset asset-text\">Et pour garantir un confort optimal, \u00ab\u00a0il y a des sanitaires qui sont pr\u00e9sents, des fontaines \u00e0 eau et puis un dispositif de s\u00e9curit\u00e9\u00a0\u00bb, explique la maire Fanny Dubot.<\/p>\n<p class=\"asset asset-text\">La vigilance maximale restait de mise\u00a0pour cinq d\u00e9partements de l\u2019Hexagone mercredi -le Rh\u00f4ne, la Dr\u00f4me, l\u2019Ard\u00e8che, l\u2019Is\u00e8re et l\u2019Aude &#8211; qui resteront en vigilance rouge jusqu\u2019\u00e0 ce jeudi 6h.<\/p>\n","protected":false},"excerpt":{"rendered":"PHILIPPE DESMAZES \/ AFP Le parc Blandan, \u00e0 Lyon, reste ouvert pour une deuxi\u00e8me nuit cons\u00e9cutive, entre mervredi&hellip;\n","protected":false},"author":2,"featured_media":316875,"comment_status":"","ping_status":"","sticky":false,"template":"","format":"standard","meta":{"footnotes":""},"categories":[1889],"tags":[1111,11,2430,6698,1777,674,1011,27,2428,12,153,25],"class_list":{"0":"post-316874","1":"post","2":"type-post","3":"status-publish","4":"format-standard","5":"has-post-thumbnail","7":"category-lyon","8":"tag-actu","9":"tag-actualites","10":"tag-auvergne-rhone-alpes","11":"tag-canicule","12":"tag-eu","13":"tag-europe","14":"tag-fr","15":"tag-france","16":"tag-lyon","17":"tag-news","18":"tag-parc","19":"tag-republique-francaise"},"share_on_mastodon":{"url":"https:\/\/pubeurope.com\/@fr\/115022911574870400","error":""},"_links":{"self":[{"href":"https:\/\/www.europesays.com\/fr\/wp-json\/wp\/v2\/posts\/316874","targetHints":{"allow":["GET"]}}],"collection":[{"href":"https:\/\/www.europesays.com\/fr\/wp-json\/wp\/v2\/posts"}],"about":[{"href":"https:\/\/www.europesays.com\/fr\/wp-json\/wp\/v2\/types\/post"}],"author":[{"embeddable":true,"href":"https:\/\/www.europesays.com\/fr\/wp-json\/wp\/v2\/users\/2"}],"replies":[{"embeddable":true,"href":"https:\/\/www.europesays.com\/fr\/wp-json\/wp\/v2\/comments?post=316874"}],"version-history":[{"count":0,"href":"https:\/\/www.europesays.com\/fr\/wp-json\/wp\/v2\/posts\/316874\/revisions"}],"wp:featuredmedia":[{"embeddable":true,"href":"https:\/\/www.europesays.com\/fr\/wp-json\/wp\/v2\/media\/316875"}],"wp:attachment":[{"href":"https:\/\/www.europesays.com\/fr\/wp-json\/wp\/v2\/media?parent=316874"}],"wp:term":[{"taxonomy":"category","embeddable":true,"href":"https:\/\/www.europesays.com\/fr\/wp-json\/wp\/v2\/categories?post=316874"},{"taxonomy":"post_tag","embeddable":true,"href":"https:\/\/www.europesays.com\/fr\/wp-json\/wp\/v2\/tags?post=316874"}],"curies":[{"name":"wp","href":"https:\/\/api.w.org\/{rel}","templated":true}]}}