{"id":316876,"date":"2025-08-13T18:38:22","date_gmt":"2025-08-13T18:38:22","guid":{"rendered":"https:\/\/www.europesays.com\/fr\/316876\/"},"modified":"2025-08-13T18:38:22","modified_gmt":"2025-08-13T18:38:22","slug":"lycees-les-8-nouveautes-de-la-rentree-2024","status":"publish","type":"post","link":"https:\/\/www.europesays.com\/fr\/316876\/","title":{"rendered":"Lyc\u00e9es : les 8 nouveaut\u00e9s de la rentr\u00e9e 2024"},"content":{"rendered":"<p>Avec un <strong>budget de 1,8 milliard d\u2019euros <\/strong>pour l\u2019ann\u00e9e 2024, soit pr\u00e8s de <strong>4<\/strong>\u00a0<strong>000 euros investis par \u00e9l\u00e8ve<\/strong>, les lyc\u00e9es franciliens sont la <strong>grande priorit\u00e9 de l\u2019action r\u00e9gionale<\/strong>. Cette rentr\u00e9e scolaire comprend de nombreuses nouveaut\u00e9s. Tour d\u2019horizon.<\/p>\n<p>2 100 nouvelles places et un nouveau lyc\u00e9e<\/p>\n<p>Tout d\u2019abord, cette rentr\u00e9e 2024-2025 sera marqu\u00e9e par l\u2019<strong>ouverture de 2<\/strong>\u00a0<strong>100 nouvelles places<\/strong>. Elles sont r\u00e9parties entre les <strong>1<\/strong>\u00a0<strong>050 places nouvelles\u00a0du lyc\u00e9e neuf \u00e0 sections internationales de Vincennes (94)<\/strong>, et les <strong>extensions de 3 \u00e9tablissements \u00e0 Sartrouville (78), Livry-Gargan (93) et Neuilly-sur-Marne (93)<\/strong>.<\/p>\n<p>Depuis le lancement du Plan d\u2019urgence en faveur des lyc\u00e9es en 2016, <strong>14<\/strong>\u00a0<strong>000 nouvelles places ont d\u00e9j\u00e0 \u00e9t\u00e9 livr\u00e9es, 12<\/strong>\u00a0<strong>000 sont en cours de r\u00e9alisation et 4<\/strong>\u00a0<strong>000 suppl\u00e9mentaires sont \u00e0 lancer, pour atteindre les 30<\/strong>\u00a0<strong>000 places nouvelles d&rsquo;ici 2028.<\/strong><\/p>\n<p>Par ailleurs, la R\u00e9gion va lancer 2 <strong>plans pour l&#8217;embellissement et la v\u00e9g\u00e9talisation <\/strong>qui<strong> <\/strong>concerneront 150 \u00e9tablissements.<\/p>\n<p>                  <img fetchpriority=\"high\" decoding=\"async\" loading=\"eager\" width=\"1140\" height=\"434\" src=\"https:\/\/www.europesays.com\/fr\/wp-content\/uploads\/2025\/08\/lycees-30000places-frise.png.webp\" alt=\"\"\/><\/p>\n<p>                    <strong>Cr\u00e9dit photo :<\/strong><br \/>\n                    \u00a9 R\u00e9gion \u00cele-de-France<\/p>\n<p>Les lyc\u00e9ens franciliens soutenus \u00e0 hauteur de 900 euros<\/p>\n<p>Comme chaque ann\u00e9e depuis 2019, <strong>chaque \u00e9l\u00e8ve de seconde recevra un ordinateur portable charg\u00e9 des manuels scolaires d&rsquo;une valeur de 600\u00a0euros<\/strong>. Financ\u00e9 par la R\u00e9gion, il l\u2019accompagnera jusqu\u2019\u00e0 la terminale, et au-del\u00e0, puisqu&rsquo;ils en deviennent propri\u00e9taires \u00e0 la fin du secondaire.<\/p>\n<p>Par le biais de l\u2019appli mobile <a href=\"https:\/\/www.iledefrance.fr\/toutes-les-actualites\/labaz-lappli-bons-plans-de-la-region-pour-les-15-25-ans\" data-entity-type=\"node\" data-entity-uuid=\"a1ece5ed-7566-499a-8993-ea802e9d7f52\" data-entity-substitution=\"canonical\" rel=\"nofollow noopener\" target=\"_blank\">LABAZ<\/a>, chaque lyc\u00e9en peut \u00e9galement recevoir<strong> jusqu\u2019\u00e0 300 euros d\u2019aide directe pour financer<\/strong>\u00a0:<\/p>\n<ul>\n<li>Le forfait imagine R (100 euros sur les 382,40 euros du co\u00fbt du forfait),<\/li>\n<li>L\u2019achat d\u2019un v\u00e9lo m\u00e9canique (100 euros),<\/li>\n<li>L\u2019inscription \u00e0 une pratique artistique ou \u00e0 un club sportif (100 euros pour les 15-17 ans).<\/li>\n<\/ul>\n<p>\u25b6 <a href=\"https:\/\/www.iledefrance.fr\/toutes-les-actualites\/labaz-lappli-bons-plans-de-la-region-pour-les-15-25-ans\" data-entity-type=\"node\" data-entity-uuid=\"a1ece5ed-7566-499a-8993-ea802e9d7f52\" data-entity-substitution=\"canonical\" rel=\"nofollow noopener\" target=\"_blank\">Plus d&rsquo;infos sur les aides via LABAZ.<\/a><\/p>\n<p>Par ailleurs, <strong>les tarifs des cantines des lyc\u00e9es publics pour les foyers les plus modestes \u00e0 0,50 euro par repas sont gel\u00e9s <\/strong>pour la 4e ann\u00e9e cons\u00e9cutive.<\/p>\n<p>\u25b6 <a href=\"https:\/\/www.iledefrance.fr\/restauration-scolaire-dans-les-lycees-beneficiez-de-la-tarification-sociale-de-la-region\" data-entity-type=\"node\" data-entity-uuid=\"b7547675-0c27-4b90-b5d3-4c5c8515687d\" data-entity-substitution=\"canonical\" rel=\"nofollow noopener\" target=\"_blank\">Plus d&rsquo;infos sur la tarification sociale de la restauration scolaire dans les lyc\u00e9es publics et priv\u00e9s.<\/a><\/p>\n<p>Des manuels num\u00e9riques libres<\/p>\n<p>La R\u00e9gion d\u00e9ploie <strong>20 manuels d\u2019apprentissage libres et gratuits, accessibles via la plateforme Pearltrees pour tous les lyc\u00e9es franciliens<\/strong>. Ces outils au format innovant permettront aux \u00e9l\u00e8ves de pr\u00e9parer au mieux leurs examens.<\/p>\n<p>\u00c0 noter \u00e9galement qu\u2019en cette rentr\u00e9e, <strong>la R\u00e9gion lance un portail num\u00e9rique unique pour simplifier l\u2019acc\u00e8s aux manuels des voies g\u00e9n\u00e9rales et technologiques<\/strong>. Le volet d\u00e9di\u00e9 aux voies professionnelles sera quant \u00e0 lui op\u00e9rationnel d\u00e8s la rentr\u00e9e prochaine.<\/p>\n<p>\u25b6 <a href=\"https:\/\/www.iledefrance.fr\/toutes-les-actualites\/rentree-2024-des-milliers-de-ressources-en-ligne-accessibles-gratuitement-aux-lyceens\" data-entity-type=\"node\" data-entity-uuid=\"975e44f3-c03f-46db-81de-b57b25ec083b\" data-entity-substitution=\"canonical\" rel=\"nofollow noopener\" target=\"_blank\"><strong>Plus d&rsquo;infos sur les manuels num\u00e9riques via Pearltrees.<\/strong><\/a><\/p>\n<p>Les Brigades r\u00e9gionales de s\u00e9curit\u00e9 sont doubl\u00e9es<\/p>\n<p>Cr\u00e9\u00e9es en 2019 par la R\u00e9gion pour faire face \u00e0 la hausse des violences dans les lyc\u00e9es, les Brigades r\u00e9gionales de s\u00e9curit\u00e9 (BRS) ont pour mission <strong>d&rsquo;assurer la s\u00e9curit\u00e9 dans les lyc\u00e9es et \u00e0 leurs abords<\/strong>. Cette ann\u00e9e,<strong> leur nombre passera de 10 \u00e0 20, soit un total de 100 agents mobilis\u00e9s<\/strong>.<\/p>\n<p>Durant la derni\u00e8re ann\u00e9e, <strong>celles-ci sont intervenues 1<\/strong>\u00a0<strong>500 fois<\/strong>.\u00a0<\/p>\n<p>\u25b6 <a href=\"https:\/\/www.iledefrance.fr\/toutes-les-actualites\/les-brigades-regionales-de-securite-seront-doublees-dans-les-lycees-franciliens\" data-entity-type=\"node\" data-entity-uuid=\"87f3a394-26a3-40bf-9da1-726e767e292e\" data-entity-substitution=\"canonical\" rel=\"nofollow noopener\" target=\"_blank\">Plus d&rsquo;infos sur les Brigades r\u00e9gionales de s\u00e9curit\u00e9.<\/a><\/p>\n<p>14 000 places pour assister aux Jeux paralympiques<\/p>\n<p>Portant de nombreux projets pour favoriser l\u2019inclusion des personnes en situation de handicap, la R\u00e9gion a invit\u00e9 l\u2019ensemble des lyc\u00e9es publics et priv\u00e9s \u00e0 b\u00e9n\u00e9ficier de la billetterie r\u00e9gionale pour les Jeux paralympiques. Ainsi,<strong> 7<\/strong>\u00a0<strong>500 lyc\u00e9ens assisteront \u00e0 des \u00e9preuves avec leurs professeurs<\/strong>.<\/p>\n<p>La R\u00e9gion a par ailleurs distribu\u00e9 <strong>6<\/strong>\u00a0<strong>500 places pour les Jeux paralympiques aux Franciliens<\/strong> <strong>de 15 \u00e0 25 ans,<\/strong> via l\u2019appli mobile <a href=\"https:\/\/www.iledefrance.fr\/tous-les-services\/labaz-lappli-pour-les-15-25-ans\" data-entity-type=\"node\" data-entity-uuid=\"7cdcdaf3-5aee-4ecc-adbe-524bddaa0b93\" data-entity-substitution=\"canonical\" rel=\"nofollow noopener\" target=\"_blank\">LABAZ<\/a>.<\/p>\n<p>1 000 stages pour les \u00e9l\u00e8ves de seconde<\/p>\n<p>Afin d\u2019aider les lyc\u00e9ens franciliens \u00e0 trouver un stage en juin 2025, <strong>la R\u00e9gion mobilisera ses services et ses partenaires pour proposer 1<\/strong>\u00a0<strong>000 stages sur tout le territoire aux \u00e9l\u00e8ves de seconde<\/strong>.<\/p>\n<p>Par ailleurs, <a href=\"https:\/\/www.iledefrance.fr\/toutes-les-actualites\/oriane-lagence-regionale-pour-sorienter-en-ile-de-france\" data-entity-type=\"node\" data-entity-uuid=\"edb08941-df97-4c32-9ea1-65fdda83a5c2\" data-entity-substitution=\"canonical\" rel=\"nofollow noopener\" target=\"_blank\">Oriane<\/a>, <strong>l\u2019agence r\u00e9gionale de la formation suit sa mission en proposant<\/strong> :<\/p>\n<ul>\n<li>Un num\u00e9ro vert d\u2019aide \u00e0 l\u2019orientation (0800 730 640), ainsi que son site <a href=\"https:\/\/www.oriane.info\/\" target=\"_blank\" rel=\"nofollow noopener\">oriane.info<\/a>,<\/li>\n<li>Un bus de l\u2019orientation qui se d\u00e9place dans les coll\u00e8ges et lyc\u00e9es,<\/li>\n<li>La plateforme r\u00e9gionale <a href=\"https:\/\/stages.iledefrance.fr\/\" target=\"_blank\" rel=\"nofollow noopener\">stages.iledefrance.fr<\/a> qui recense 7\u00a0000 offres de stages et d\u2019alternance.<\/li>\n<\/ul>\n<p>\u25b6 <a href=\"https:\/\/www.iledefrance.fr\/toutes-les-actualites\/oriane-lagence-regionale-pour-sorienter-en-ile-de-france\" data-entity-type=\"node\" data-entity-uuid=\"edb08941-df97-4c32-9ea1-65fdda83a5c2\" data-entity-substitution=\"canonical\" rel=\"nofollow noopener\" target=\"_blank\"><strong>Plus d&rsquo;infos sur Oriane.<\/strong><\/a><\/p>\n<p>Assurer la coh\u00e9sion dans les lyc\u00e9es<\/p>\n<p><strong>3 exp\u00e9rimentations destin\u00e9es \u00e0 assurer la coh\u00e9sion dans les \u00e9tablissements seront au programme<\/strong> cette ann\u00e9e :<\/p>\n<ul>\n<li><strong>\u00ab Z\u00e9ro portable en salle de cours \u00bb<\/strong> : la R\u00e9gion financera dans les lyc\u00e9es qui en feront la demande des casiers pour que les \u00e9l\u00e8ves d\u00e9posent leur smartphone au d\u00e9but de chaque cours.<\/li>\n<li><strong>\u00ab Tenue commune \u00bb<\/strong> : la R\u00e9gion financera des tenues communes pour les \u00e9tablissements qui le souhaitent.<\/li>\n<li><strong>\u00ab Lutte contre les d\u00e9gradations \u00bb<\/strong> : la R\u00e9gion exp\u00e9rimentera d\u00e8s cette rentr\u00e9e une \u00e9quipe mobile compos\u00e9e de 2 personnes condamn\u00e9es \u00e0 des travaux d\u2019int\u00e9r\u00eat g\u00e9n\u00e9ral (TIG) pour venir r\u00e9parer dans les lyc\u00e9es les d\u00e9gradations commises et effectuer de petits travaux. Cette initiative sera coordonn\u00e9e par l\u2019Agence r\u00e9gionale des travaux d\u2019int\u00e9r\u00eat g\u00e9n\u00e9ral.<\/li>\n<\/ul>\n<p>\u00ab Ces dessins qui font la R\u00e9publique \u00bb<\/p>\n<ul>\n<li>\u00c0 l\u2019occasion des 120 ans de la loi la\u00efcit\u00e9 et des 10 ans de l\u2019attentat islamiste contre la r\u00e9daction de Charlie Hebdo, <strong>la R\u00e9gion proposera aux lyc\u00e9ens de travailler sur une collection de dessins de presse. <\/strong>Baptis\u00e9 \u00ab\u00a0Ces dessins qui ont fait la R\u00e9publique\u00a0\u00bb, ce projet sera men\u00e9 par un comit\u00e9 scientifique autour de <a href=\"https:\/\/www.iledefrance.fr\/toutes-les-actualites\/rencontre-avec-pierre-henri-tavoillot-le-referent-laicite-de-la-region-ile-de-france\" data-entity-type=\"node\" data-entity-uuid=\"ab81b2b7-bc54-4e34-8919-c61c829b7db0\" data-entity-substitution=\"canonical\" rel=\"nofollow noopener\" target=\"_blank\">Pierre-Henri Tavoillot, le r\u00e9f\u00e9rent la\u00efcit\u00e9 de la R\u00e9gion \u00cele-de-France<\/a>.\u00a0<\/li>\n<li>La R\u00e9gion poursuit \u00e9galement son programme de lutte contre l\u2019antis\u00e9mitisme en <strong>permettant \u00e0 700 lyc\u00e9ens d\u2019une trentaine d\u2019\u00e9tablissements de se rendre \u00e0 Auschwitz (Pologne) pour un voyage d\u2019\u00e9tudes<\/strong> (en partenariat avec le M\u00e9morial de la Shoah).<br \/>\u00a0<\/li>\n<\/ul>\n","protected":false},"excerpt":{"rendered":"Avec un budget de 1,8 milliard d\u2019euros pour l\u2019ann\u00e9e 2024, soit pr\u00e8s de 4\u00a0000 euros investis par \u00e9l\u00e8ve,&hellip;\n","protected":false},"author":2,"featured_media":316877,"comment_status":"","ping_status":"","sticky":false,"template":"","format":"standard","meta":{"footnotes":""},"categories":[1592],"tags":[1111,11,1777,674,1011,27,662,12,626,25],"class_list":{"0":"post-316876","1":"post","2":"type-post","3":"status-publish","4":"format-standard","5":"has-post-thumbnail","7":"category-ile-de-france","8":"tag-actu","9":"tag-actualites","10":"tag-eu","11":"tag-europe","12":"tag-fr","13":"tag-france","14":"tag-ile-de-france","15":"tag-news","16":"tag-paris","17":"tag-republique-francaise"},"share_on_mastodon":{"url":"https:\/\/pubeurope.com\/@fr\/115022915450767684","error":""},"_links":{"self":[{"href":"https:\/\/www.europesays.com\/fr\/wp-json\/wp\/v2\/posts\/316876","targetHints":{"allow":["GET"]}}],"collection":[{"href":"https:\/\/www.europesays.com\/fr\/wp-json\/wp\/v2\/posts"}],"about":[{"href":"https:\/\/www.europesays.com\/fr\/wp-json\/wp\/v2\/types\/post"}],"author":[{"embeddable":true,"href":"https:\/\/www.europesays.com\/fr\/wp-json\/wp\/v2\/users\/2"}],"replies":[{"embeddable":true,"href":"https:\/\/www.europesays.com\/fr\/wp-json\/wp\/v2\/comments?post=316876"}],"version-history":[{"count":0,"href":"https:\/\/www.europesays.com\/fr\/wp-json\/wp\/v2\/posts\/316876\/revisions"}],"wp:featuredmedia":[{"embeddable":true,"href":"https:\/\/www.europesays.com\/fr\/wp-json\/wp\/v2\/media\/316877"}],"wp:attachment":[{"href":"https:\/\/www.europesays.com\/fr\/wp-json\/wp\/v2\/media?parent=316876"}],"wp:term":[{"taxonomy":"category","embeddable":true,"href":"https:\/\/www.europesays.com\/fr\/wp-json\/wp\/v2\/categories?post=316876"},{"taxonomy":"post_tag","embeddable":true,"href":"https:\/\/www.europesays.com\/fr\/wp-json\/wp\/v2\/tags?post=316876"}],"curies":[{"name":"wp","href":"https:\/\/api.w.org\/{rel}","templated":true}]}}