{"id":316878,"date":"2025-08-13T18:39:10","date_gmt":"2025-08-13T18:39:10","guid":{"rendered":"https:\/\/www.europesays.com\/fr\/316878\/"},"modified":"2025-08-13T18:39:10","modified_gmt":"2025-08-13T18:39:10","slug":"restrictions-de-circulation-des-jeudi-en-ile-de-france","status":"publish","type":"post","link":"https:\/\/www.europesays.com\/fr\/316878\/","title":{"rendered":"restrictions de circulation d\u00e8s jeudi en \u00cele-de-France"},"content":{"rendered":"<p>Des restrictions de circulation vont \u00eatre mises en place \u00e0 partir de jeudi sur les routes d&rsquo;\u00cele-de-France, actuellement en vigilance orange canicule et touch\u00e9e par un \u00e9pisode de pollution \u00ab\u00a0persistant\u00a0\u00bb \u00e0 l&rsquo;ozone, a annonc\u00e9 mercredi la pr\u00e9fecture de police de Paris.<\/p>\n<p>Entre 05H30 et minuit, la vitesse maximale autoris\u00e9e sera d\u00e9sormais de 110 km\/h pour les portions d&rsquo;autoroutes limit\u00e9es normalement \u00e0 130 km\/h. Les autouroutes\/routes \u00e0 110 km\/h passeront \u00e0 90 km\/h, et celles \u00e0 90 ou 80 km\/h passeront \u00e0 70 km\/h, indique la pr\u00e9fecture dans un communiqu\u00e9.<\/p>\n<p>Les v\u00e9hicules de plus de 3,5 tonnes auront l&rsquo;obligation de contourner la capitale en empruntant la rocade francilienne.<\/p>\n<p>Ces mesures resteront en vigueur jusqu&rsquo;\u00e0 leur lev\u00e9e par d\u00e9cision pr\u00e9fectorale, pr\u00e9cise le communiqu\u00e9.<\/p>\n<p>Elles visent \u00e0 r\u00e9duire les \u00e9missions de polluants dans l&rsquo;atmosph\u00e8re, alors qu&rsquo;Airparif, une association qui surveille la qualit\u00e9 de l&rsquo;air en \u00cele-de-France, pr\u00e9voit une \u00ab\u00a0persistance\u00a0\u00bb de l&rsquo;\u00e9pisode de pollution \u00e0 l&rsquo;ozone d\u00e9but\u00e9 mercredi dans le d\u00e9partement. Celui-ci \u00ab\u00a0peut constituer un risque pour la sant\u00e9\u00a0\u00bb, souligne la pr\u00e9fecture.<\/p>\n<p>La France est touch\u00e9e par la canicule depuis plusieurs jours, avec une large partie du pays en vigilance orange et plusieurs d\u00e9partements en vigilance rouge, en particulier dans la moiti\u00e9 sud.<\/p>\n<p>Les op\u00e9rations de br\u00fblage \u00e0 l&rsquo;air libre sont \u00e9galement interdites jusqu&rsquo;\u00e0 nouvel ordre et les travaux d&rsquo;entretien ou de nettoyage qui \u00e9mettent des compos\u00e9s organiques volatils, en faisant usage par exemple d&rsquo;outils \u00e0 moteur thermique, de solvants, vernis, colles ou peintures, doivent \u00eatre report\u00e9s, selon la pr\u00e9fecture.<\/p>\n<p>Celle-ci recommande par ailleurs de limiter les d\u00e9placements en voiture, ainsi que l&rsquo;exposition \u00e0 la pollution, notamment des personnes vuln\u00e9rables.<\/p>\n","protected":false},"excerpt":{"rendered":"Des restrictions de circulation vont \u00eatre mises en place \u00e0 partir de jeudi sur les routes d&rsquo;\u00cele-de-France, actuellement&hellip;\n","protected":false},"author":2,"featured_media":7101,"comment_status":"","ping_status":"","sticky":false,"template":"","format":"standard","meta":{"footnotes":""},"categories":[1592],"tags":[1111,11,1777,674,1011,27,662,12,626,25],"class_list":{"0":"post-316878","1":"post","2":"type-post","3":"status-publish","4":"format-standard","5":"has-post-thumbnail","7":"category-ile-de-france","8":"tag-actu","9":"tag-actualites","10":"tag-eu","11":"tag-europe","12":"tag-fr","13":"tag-france","14":"tag-ile-de-france","15":"tag-news","16":"tag-paris","17":"tag-republique-francaise"},"share_on_mastodon":{"url":"https:\/\/pubeurope.com\/@fr\/115022919702461675","error":""},"_links":{"self":[{"href":"https:\/\/www.europesays.com\/fr\/wp-json\/wp\/v2\/posts\/316878","targetHints":{"allow":["GET"]}}],"collection":[{"href":"https:\/\/www.europesays.com\/fr\/wp-json\/wp\/v2\/posts"}],"about":[{"href":"https:\/\/www.europesays.com\/fr\/wp-json\/wp\/v2\/types\/post"}],"author":[{"embeddable":true,"href":"https:\/\/www.europesays.com\/fr\/wp-json\/wp\/v2\/users\/2"}],"replies":[{"embeddable":true,"href":"https:\/\/www.europesays.com\/fr\/wp-json\/wp\/v2\/comments?post=316878"}],"version-history":[{"count":0,"href":"https:\/\/www.europesays.com\/fr\/wp-json\/wp\/v2\/posts\/316878\/revisions"}],"wp:featuredmedia":[{"embeddable":true,"href":"https:\/\/www.europesays.com\/fr\/wp-json\/wp\/v2\/media\/7101"}],"wp:attachment":[{"href":"https:\/\/www.europesays.com\/fr\/wp-json\/wp\/v2\/media?parent=316878"}],"wp:term":[{"taxonomy":"category","embeddable":true,"href":"https:\/\/www.europesays.com\/fr\/wp-json\/wp\/v2\/categories?post=316878"},{"taxonomy":"post_tag","embeddable":true,"href":"https:\/\/www.europesays.com\/fr\/wp-json\/wp\/v2\/tags?post=316878"}],"curies":[{"name":"wp","href":"https:\/\/api.w.org\/{rel}","templated":true}]}}