{"id":316879,"date":"2025-08-13T18:40:22","date_gmt":"2025-08-13T18:40:22","guid":{"rendered":"https:\/\/www.europesays.com\/fr\/316879\/"},"modified":"2025-08-13T18:40:22","modified_gmt":"2025-08-13T18:40:22","slug":"retour-des-40c-pour-le-pont-du-15-aout-13-08-2025","status":"publish","type":"post","link":"https:\/\/www.europesays.com\/fr\/316879\/","title":{"rendered":"retour des 40\u00b0C pour le Pont du 15 ao\u00fbt ! 13\/08\/2025"},"content":{"rendered":"<p><img alt=\"\" loading=\"lazy\" width=\"1200\" height=\"858\" decoding=\"async\" data-nimg=\"1\" style=\"color:transparent\"  src=\"https:\/\/www.europesays.com\/fr\/wp-content\/uploads\/2025\/08\/1755110416_404_image\"\/><\/p>\n<p>\u00a0<\/p>\n<p>\u00a0<\/p>\n<p>Fin de la vigilance rouge dans le Sud-ouest, mais attention&#8230;\u00a0<\/p>\n<p>\u00a0<\/p>\n<p>Si la vigilance rouge canicule est lev\u00e9e ce jeudi dans le Sud-ouest (except\u00e9 dans l\u2019Aude), cela ne ne signifie pas pour autant la fin des tr\u00e8s fortes chaleurs, bien au contraire\u2026!\u00a0<\/p>\n<p>\u00a0<\/p>\n<p><img alt=\"\" loading=\"lazy\" width=\"700\" height=\"605\" decoding=\"async\" data-nimg=\"1\" style=\"color:transparent\"  src=\"https:\/\/www.europesays.com\/fr\/wp-content\/uploads\/2025\/08\/1755110417_652_image\"\/><\/p>\n<p><strong>Carte des vigilances canicule par d\u00e9partements pour jeudi 14 ao\u00fbt<\/strong><\/p>\n<p>\u00a0<\/p>\n<p>\u00a0<\/p>\n<p>La canicule est loin d&rsquo;\u00eatre termin\u00e9e&#8230;\u00a0<\/p>\n<p>\u00a0<\/p>\n<p>L\u2019anticyclone qui va se former sur le Nord des Iles britanniques v\u00e9hiculera de l\u2019air plus sec et un peu moins chaud sur les r\u00e9gions du Nord et du Nord-est. Mais la d\u00e9pression positionn\u00e9e sur Acores engendrera au contraire une nouvelle remont\u00e9e d\u2019air saharien sur les r\u00e9gions du Sud-ouest\u2026<\/p>\n<p>\u00a0<\/p>\n<p><img alt=\"\" loading=\"lazy\" width=\"700\" height=\"467\" decoding=\"async\" data-nimg=\"1\" style=\"color:transparent\"  src=\"https:\/\/www.europesays.com\/fr\/wp-content\/uploads\/2025\/08\/1755110418_193_image\"\/><\/p>\n<p><strong>Carte des centres d&rsquo;actions pr\u00e9vues par ECMWF pour samedi 16 ao\u00fbt &#8211; fond de carte Meteociel<\/strong><\/p>\n<p>\u00a0<\/p>\n<p>\u00a0<\/p>\n<p>Une chaleur redevenant accablante dans le Sud-ouest !\u00a0<\/p>\n<p>\u00a0<\/p>\n<p>Apr\u00e8s le recul de la chaleur accablante sur l\u2019ouest de l\u2019Aquitaine ce mercredi, les tr\u00e8s fortes chaleurs vont de nouveau gagner cette r\u00e9gion dans la journ\u00e9e de jeudi (avec des valeurs souvent sup\u00e9rieures \u00e0 35\u00b0C l\u2019apr\u00e8s-midi).<\/p>\n<p>\u00a0<\/p>\n<p><img alt=\"\" loading=\"lazy\" width=\"700\" height=\"700\" decoding=\"async\" data-nimg=\"1\" style=\"color:transparent\"  src=\"https:\/\/www.europesays.com\/fr\/wp-content\/uploads\/2025\/08\/1755110419_526_image\"\/><\/p>\n<p><strong>Carte des temp\u00e9ratures maximales pr\u00e9vues par AR\u00d4ME pour jeudi 14 ao\u00fbt &#8211; fond de carte Meteociel<\/strong><\/p>\n<p>\u00a0<\/p>\n<p>\u00a0<\/p>\n<p>Mais c\u2019est surtout \u00e0 partir de vendredi que la chaleur s\u2019accentuera, et la barre des 40\u00b0C sera de nouveau d\u00e9pass\u00e9e, notamment vers Pau, Dax, Bordeaux, Agen, Bergerac, Angoul\u00eame ou Montauban (avec 41 ou 42\u00b0C).<\/p>\n<p>\u00a0<\/p>\n<p><img alt=\"\" loading=\"lazy\" width=\"700\" height=\"700\" decoding=\"async\" data-nimg=\"1\" style=\"color:transparent\"  src=\"https:\/\/www.europesays.com\/fr\/wp-content\/uploads\/2025\/08\/1755110419_507_image\"\/><\/p>\n<p><strong>Carte des temp\u00e9ratures maximales pr\u00e9vues par IC\u00d4NE pour vendredi 15 ao\u00fbt &#8211; fond de carte Meteociel<\/strong><\/p>\n<p>\u00a0<\/p>\n<p>\u00a0<\/p>\n<p>Cette chaleur insupportable se maintiendra samedi avec \u00e0 peu pr\u00e8s les m\u00eames valeurs.<\/p>\n<p>\u00a0<\/p>\n<p><img alt=\"\" loading=\"lazy\" width=\"700\" height=\"700\" decoding=\"async\" data-nimg=\"1\" style=\"color:transparent\"  src=\"https:\/\/www.europesays.com\/fr\/wp-content\/uploads\/2025\/08\/1755110420_278_image\"\/><\/p>\n<p><strong>Carte des temp\u00e9ratures maximales pr\u00e9vues par IC\u00d4NE pour samedi 16 ao\u00fbt &#8211; fond de carte Meteociel<\/strong><\/p>\n<p>\u00a0<\/p>\n<p>\u00a0<\/p>\n<p>On notera un tr\u00e8s l\u00e9ger recul dimanche, notamment sur le Pays basque ou la baisse des temp\u00e9ratures sera assez spectaculaire (gr\u00e2ce a l\u2019incursion de l\u2019air oc\u00e9anique beaucoup moins chaud).\u00a0<\/p>\n<p>\u00a0<\/p>\n<p><img alt=\"\" loading=\"lazy\" width=\"700\" height=\"700\" decoding=\"async\" data-nimg=\"1\" style=\"color:transparent\"  src=\"https:\/\/www.europesays.com\/fr\/wp-content\/uploads\/2025\/08\/1755110421_725_image\"\/><\/p>\n<p><strong>Carte des temp\u00e9ratures maximales pr\u00e9vues par IC\u00d4NE pour dimanche 17 ao\u00fbt &#8211; fond de carte Meteociel<\/strong><\/p>\n<p>\u00a0<\/p>\n<p>\u00a0<\/p>\n<p><strong>Une baignade agr\u00e9able mais attention \u00e0 l&rsquo;hydrocution!<\/strong><\/p>\n<p>\u00a0<\/p>\n<p>Par cons\u00e9quent, les estivants de la fa\u00e7ade Atlantique trouveront la baignade tr\u00e8s agr\u00e9able avec des temp\u00e9ratures de l\u2019eau de mer comprises entre 20\u00b0C en Vend\u00e9e et jusqu\u2019\u00e0 24\u00b0C sur la c\u00f4te basque.<br \/>&#13;<br \/>\nAttention tout de m\u00eame au ph\u00e9nom\u00e8ne d\u2019hydrocution, car la diff\u00e9rence entre la temp\u00e9rature de l\u2019air et celle de la mer sera tr\u00e8s importante !<\/p>\n<p>\u00a0<\/p>\n<p><img alt=\"\" loading=\"lazy\" width=\"700\" height=\"539\" decoding=\"async\" data-nimg=\"1\" style=\"color:transparent\"  src=\"https:\/\/www.europesays.com\/fr\/wp-content\/uploads\/2025\/08\/1755110421_241_image\"\/><\/p>\n<p><strong>Carte des temp\u00e9ratures de l&rsquo;eau de mer pr\u00e9vues pour samedi par l&rsquo;Ifremer<\/strong><\/p>\n<p>\u00a0<\/p>\n<p>\u00a0<\/p>\n<p>Une vague de chaleur comparable \u00e0 ao\u00fbt 2003 ?\u00a0<\/p>\n<p>\u00a0<\/p>\n<p>Si cette vague de chaleur n\u2019est pas termin\u00e9e, la comparaison avec ao\u00fbt 2003 para\u00eet excessive pour Bordeaux. En ao\u00fbt 2003, on avait compt\u00e9 13 jours cons\u00e9cutifs de temp\u00e9rature moyenne quotidienne au-dessus de 25\u00b0C. Et comme il est probable que cette puissante vague de chaleur se termine en d\u00e9but de semaine prochaine sur l\u2019Aquitaine, elle n\u2019atteindra pas le niveau de 2003. <a href=\"https:\/\/www.meteo-bordeaux.com\/\" class=\" underline\" target=\"_blank\" rel=\"noreferrer nofollow noopener\">Notre site de pr\u00e9visions m\u00e9t\u00e9o pour bordeaux ici &gt;&gt;&gt;&gt;\u00a0<\/a><\/p>\n<p>\u00a0<\/p>\n<p><img alt=\"\" loading=\"lazy\" width=\"700\" height=\"931\" decoding=\"async\" data-nimg=\"1\" style=\"color:transparent\"  src=\"https:\/\/www.europesays.com\/fr\/wp-content\/uploads\/2025\/08\/1755110422_488_image\"\/><\/p>\n<p><strong>Graphiques comparatifs entre l&rsquo;\u00e9volution des temp\u00e9ratures moyennes quotidiennes \u00e0 Bordeaux en ao\u00fbt 2003 et en ao\u00fbt 2025 &#8211; meteo-villes et Infoclimat.fr<\/strong><\/p>\n<p>\u00a0<\/p>\n<p>\u00a0<\/p>\n<p>Auteur : <a href=\"https:\/\/www.meteo-paris.com\/guillaume-sechet\" class=\" underline\" target=\"_blank\" rel=\"noreferrer nofollow noopener\">Guillaume S\u00e9chet<\/a><\/p>\n","protected":false},"excerpt":{"rendered":"\u00a0 \u00a0 Fin de la vigilance rouge dans le Sud-ouest, mais attention&#8230;\u00a0 \u00a0 Si la vigilance rouge canicule&hellip;\n","protected":false},"author":2,"featured_media":316880,"comment_status":"","ping_status":"","sticky":false,"template":"","format":"standard","meta":{"footnotes":""},"categories":[1888],"tags":[1111,1928,11,1927,1777,674,1011,27,12,1926,626,1925,25],"class_list":{"0":"post-316879","1":"post","2":"type-post","3":"status-publish","4":"format-standard","5":"has-post-thumbnail","7":"category-paris","8":"tag-actu","9":"tag-actu-paris","10":"tag-actualites","11":"tag-actualites-paris","12":"tag-eu","13":"tag-europe","14":"tag-fr","15":"tag-france","16":"tag-news","17":"tag-news-paris","18":"tag-paris","19":"tag-paris-news","20":"tag-republique-francaise"},"share_on_mastodon":{"url":"https:\/\/pubeurope.com\/@fr\/115022923581805814","error":""},"_links":{"self":[{"href":"https:\/\/www.europesays.com\/fr\/wp-json\/wp\/v2\/posts\/316879","targetHints":{"allow":["GET"]}}],"collection":[{"href":"https:\/\/www.europesays.com\/fr\/wp-json\/wp\/v2\/posts"}],"about":[{"href":"https:\/\/www.europesays.com\/fr\/wp-json\/wp\/v2\/types\/post"}],"author":[{"embeddable":true,"href":"https:\/\/www.europesays.com\/fr\/wp-json\/wp\/v2\/users\/2"}],"replies":[{"embeddable":true,"href":"https:\/\/www.europesays.com\/fr\/wp-json\/wp\/v2\/comments?post=316879"}],"version-history":[{"count":0,"href":"https:\/\/www.europesays.com\/fr\/wp-json\/wp\/v2\/posts\/316879\/revisions"}],"wp:featuredmedia":[{"embeddable":true,"href":"https:\/\/www.europesays.com\/fr\/wp-json\/wp\/v2\/media\/316880"}],"wp:attachment":[{"href":"https:\/\/www.europesays.com\/fr\/wp-json\/wp\/v2\/media?parent=316879"}],"wp:term":[{"taxonomy":"category","embeddable":true,"href":"https:\/\/www.europesays.com\/fr\/wp-json\/wp\/v2\/categories?post=316879"},{"taxonomy":"post_tag","embeddable":true,"href":"https:\/\/www.europesays.com\/fr\/wp-json\/wp\/v2\/tags?post=316879"}],"curies":[{"name":"wp","href":"https:\/\/api.w.org\/{rel}","templated":true}]}}