{"id":316881,"date":"2025-08-13T18:41:27","date_gmt":"2025-08-13T18:41:27","guid":{"rendered":"https:\/\/www.europesays.com\/fr\/316881\/"},"modified":"2025-08-13T18:41:27","modified_gmt":"2025-08-13T18:41:27","slug":"une-rencontre-physiquement-difficile-pour-paris","status":"publish","type":"post","link":"https:\/\/www.europesays.com\/fr\/316881\/","title":{"rendered":"Une rencontre physiquement difficile pour Paris ?"},"content":{"rendered":"<p>Ce soir (21 heures, Canal Plus), le PSG affronte Tottenham<br \/>\nen Supercoupe d\u2019Europe. Les Parisiens ont repris l\u2019entra\u00eenement la<br \/>\nsemaine derni\u00e8re, alors que les Spurs ont repris les entrainements<br \/>\nau d\u00e9but du mois de juillet, avec de nombreux matches amicaux. Un<br \/>\nd\u00e9ficit physique r\u00e9dhibitoire pour les joueurs de Luis Enrique<br \/>\n?<\/p>\n<p>Le <strong>PSG<\/strong> va jouer son premier match officiel de<br \/>\nla saison 2025-2026 ce mercredi soir avec la <strong>Supercoupe<br \/>\nd\u2019Europe<\/strong> contre <strong>Tottenham<\/strong>. \u00ab\u00a0Si<br \/>\nles <strong>Spurs<\/strong> ne peuvent, en termes de CV, de standing<br \/>\net d\u2019aura, penser rivaliser avec<br \/>\nle\u00a0<strong>PSG<\/strong>\u00a0de <strong><a href=\"https:\/\/canal-supporters.com\/luis-enrique-sur-donnarumma-je-suis-responsable-a-100-de-cette-decision-difficile\/\" title=\"\" target=\"_blank\" rel=\"noopener\">Luis Enrique<\/a><\/strong>, ce mercredi sur la pelouse<br \/>\ndu\u00a0<strong>Bluenergy Stadium d\u2019Udine<\/strong>,\u00a0il est un<br \/>\ndomaine dans lequel le vainqueur de l\u2019<strong>Europa<br \/>\nLeague<\/strong> devrait tr\u00e8s nettement dominer le grand gagnant de<br \/>\nla <strong>Ligue des champions<\/strong> : la condition<br \/>\nphysique\u00a0\u00bb, avance <a href=\"https:\/\/www.leparisien.fr\/sports\/football\/psg\/psg-tottenham-physiquement-une-mission-impossible-pour-les-parisiens-13-08-2025-CMKE5A55URFYNFY7LL4ENJ4MWE.php\" target=\"_blank\" rel=\"noopener\" title=\"\">Le Parisien<\/a>. Au<br \/>\nsortir de leur septi\u00e8me s\u00e9ance collective seulement de la saison<br \/>\nmardi soir \u00e0<br \/>\n<strong>Udine<\/strong>,\u00a0<strong>Marquinhos<\/strong> n\u2019a<br \/>\nd\u2019ailleurs pas cherch\u00e9 \u00e0 noyer le poisson\u00a0au moment de<br \/>\nconstater l\u2019\u00e9vidence. \u00ab M\u00eame si on s\u2019est tous remis au<br \/>\ntravail\u00a0(de fa\u00e7on individuelle)\u00a0\u00e0 la fin de nos vacances,<br \/>\nTottenham est en meilleure forme que nous \u00bb, a conc\u00e9d\u00e9 le<br \/>\ncapitaine parisien sourire en coin, indique le quotidien<br \/>\nfrancilien.<\/p>\n<p>A voir aussi : <a href=\"https:\/\/canal-supporters.com\/psg-tottenham-les-compositions-probables-selon-la-presse\/\" title=\"\" target=\"_blank\" rel=\"noopener\">PSG \/ Tottenham \u2013 Les compositions probables selon la<br \/>\npresse<\/a><\/p>\n<p><a href=\"https:\/\/x.com\/CanalSupporters\" target=\"_blank\" rel=\"noopener\" title=\"\">canalsupporters.com<\/a><\/p>\n<p>L\u2019\u00e9tat d\u2019esprit<br \/>\npour combler le d\u00e9ficit physique<\/p>\n<p>Le <strong>PSG<\/strong> n\u2019avait pas encore termin\u00e9 sa saison,<br \/>\nsuait \u00e0 grosses gouttes face au <strong>Bayern Munich<\/strong> en<br \/>\nquart de finale de <strong>Coupe du monde des clubs<\/strong> que<br \/>\nles <strong><a href=\"https:\/\/canal-supporters.com\/psg-tottenham-thomas-frank-annonce-un-absent-de-derniere-minute-pour-la-supercoupe-deurope\/\" title=\"\" target=\"_blank\" rel=\"noopener\">Spurs<\/a><\/strong>, eux, lan\u00e7aient d\u00e9j\u00e0 l\u2019actuelle le 5<br \/>\njuillet dernier, souligne Le Parisien. Un tr\u00e8s net<br \/>\navantage qui, pour certains observateurs comme pour les joueurs<br \/>\nparisiens eux-m\u00eames, n\u2019assure pourtant pas au dernier 17e de<br \/>\n<strong>Premier League<\/strong> de dominer le champion de<br \/>\n<strong>France<\/strong> mercredi soir. Pour <strong>Alexandre<br \/>\nDellal<\/strong>, pr\u00e9parateur physique, \u00ab\u00a0on ne peut pas<br \/>\npasser d\u2019une saison o\u00f9 tout a \u00e9t\u00e9 parfaitement pens\u00e9 en termes de<br \/>\ngestion d\u2019effectif, de charge de travail et de rotation, \u00e0 une<br \/>\nintersaison o\u00f9 rien n\u2019aurait \u00e9t\u00e9 ma\u00eetris\u00e9 et surveill\u00e9. Je ne crois<br \/>\npas du tout au fait que les joueurs ont eu trois semaines off.<br \/>\nAujourd\u2019hui, on a des outils qui permettent de donner un plan<br \/>\nd\u00e9taill\u00e9 \u00e0 chacun des joueurs en fonction de leur profil et de<br \/>\nsuivre l\u2019\u00e9volution de leur pr\u00e9paration au quotidien. Et de fait,<br \/>\nils n\u2019ont pas tout perdu de leurs acquis en trois semaines de<br \/>\nvacances.\u00a0\u00bb <strong>Marquinhos<\/strong> estime quant \u00e0<br \/>\nlui que l\u2019\u00e9tat d\u2019esprit si particulier qui anime le<br \/>\n<strong>PSG<\/strong> peut lui permettre de combler le d\u00e9ficit<br \/>\nphysique, conclut Le Parisien.<\/p><\/p>\n","protected":false},"excerpt":{"rendered":"Ce soir (21 heures, Canal Plus), le PSG affronte Tottenham en Supercoupe d\u2019Europe. Les Parisiens ont repris l\u2019entra\u00eenement&hellip;\n","protected":false},"author":2,"featured_media":228086,"comment_status":"","ping_status":"","sticky":false,"template":"","format":"standard","meta":{"footnotes":""},"categories":[1888],"tags":[1111,1928,11,1927,81,787,45533,1777,674,1011,27,12,1926,626,1925,91,92,45534,93,45027,39213,45028,25,44994,42411,18015,96],"class_list":{"0":"post-316881","1":"post","2":"type-post","3":"status-publish","4":"format-standard","5":"has-post-thumbnail","7":"category-paris","8":"tag-actu","9":"tag-actu-paris","10":"tag-actualites","11":"tag-actualites-paris","12":"tag-canal-supporters","13":"tag-cs","14":"tag-deficit-physique","15":"tag-eu","16":"tag-europe","17":"tag-fr","18":"tag-france","19":"tag-news","20":"tag-news-paris","21":"tag-paris","22":"tag-paris-news","23":"tag-paris-saint-germain","24":"tag-paris-sg","25":"tag-preparation-physique","26":"tag-psg","27":"tag-psg-tot","28":"tag-psg-tottenham","29":"tag-psgtot","30":"tag-republique-francaise","31":"tag-supercoupe","32":"tag-supercoupe-deurope","33":"tag-tottenham","34":"tag-une"},"share_on_mastodon":{"url":"https:\/\/pubeurope.com\/@fr\/115022927221068145","error":""},"_links":{"self":[{"href":"https:\/\/www.europesays.com\/fr\/wp-json\/wp\/v2\/posts\/316881","targetHints":{"allow":["GET"]}}],"collection":[{"href":"https:\/\/www.europesays.com\/fr\/wp-json\/wp\/v2\/posts"}],"about":[{"href":"https:\/\/www.europesays.com\/fr\/wp-json\/wp\/v2\/types\/post"}],"author":[{"embeddable":true,"href":"https:\/\/www.europesays.com\/fr\/wp-json\/wp\/v2\/users\/2"}],"replies":[{"embeddable":true,"href":"https:\/\/www.europesays.com\/fr\/wp-json\/wp\/v2\/comments?post=316881"}],"version-history":[{"count":0,"href":"https:\/\/www.europesays.com\/fr\/wp-json\/wp\/v2\/posts\/316881\/revisions"}],"wp:featuredmedia":[{"embeddable":true,"href":"https:\/\/www.europesays.com\/fr\/wp-json\/wp\/v2\/media\/228086"}],"wp:attachment":[{"href":"https:\/\/www.europesays.com\/fr\/wp-json\/wp\/v2\/media?parent=316881"}],"wp:term":[{"taxonomy":"category","embeddable":true,"href":"https:\/\/www.europesays.com\/fr\/wp-json\/wp\/v2\/categories?post=316881"},{"taxonomy":"post_tag","embeddable":true,"href":"https:\/\/www.europesays.com\/fr\/wp-json\/wp\/v2\/tags?post=316881"}],"curies":[{"name":"wp","href":"https:\/\/api.w.org\/{rel}","templated":true}]}}