{"id":316882,"date":"2025-08-13T18:42:16","date_gmt":"2025-08-13T18:42:16","guid":{"rendered":"https:\/\/www.europesays.com\/fr\/316882\/"},"modified":"2025-08-13T18:42:16","modified_gmt":"2025-08-13T18:42:16","slug":"mort-dun-ado-de-15-ans-a-bondy-le-conducteur-du-buggy-mis-en-examen-et-place-sous-controle-judiciaire","status":"publish","type":"post","link":"https:\/\/www.europesays.com\/fr\/316882\/","title":{"rendered":"Mort d\u2019un ado de 15\u00a0ans \u00e0 Bondy\u00a0: le conducteur du buggy mis en examen et plac\u00e9 sous contr\u00f4le judiciaire"},"content":{"rendered":"<p class=\"paragraph text_align_left lp-f-body-02\">Les tours en buggy s\u2019\u00e9taient termin\u00e9s en drame dans la nuit de samedi 9 au dimanche 10 ao\u00fbt, avec <a href=\"https:\/\/www.leparisien.fr\/faits-divers\/seine-saint-denis-un-adolescent-trouve-la-mort-lors-dun-accident-de-buggy-un-suspect-en-garde-a-vue-10-08-2025-2HRZ2EGNRVEIRGI3IHJHHPKLD4.php\" target=\"_self\" rel=\"nofollow noopener\">le d\u00e9c\u00e8s d\u2019un adolescent \u00e2g\u00e9 de 15 ans<\/a> \u00e0 bord du v\u00e9hicule motoris\u00e9 tout-terrain, \u00e0 la limite de Bondy et de Noisy-le-Sec. Le conducteur de 24 ans, qui conduisait l\u2019engin, a \u00e9t\u00e9 mis en examen et plac\u00e9 sous contr\u00f4le judiciaire. Le parquet avait ouvert une enqu\u00eate pour homicide routier.<\/p>\n<p class=\"paragraph text_align_left lp-f-body-02\">L\u2019alerte avait \u00e9t\u00e9 donn\u00e9e par un t\u00e9moin, vers 2h30 du matin. Les forces de l\u2019ordre et les secours se rendent \u00e0 hauteur de l\u2019intersection entre l\u2019avenue de Rosny et la rue Baudin o\u00f9 ils d\u00e9couvrent un buggy accident\u00e9 et un adolescent gisant un peu plus loin sur le trottoir en arr\u00eat cardiorespiratoire.<\/p>\n<p class=\"paragraph text_align_left lp-f-body-02\">La jeune victime, qui habitait dans le secteur du Petit Noisy, n\u2019a pas pu \u00eatre r\u00e9anim\u00e9e par les urgentistes du Samu, malgr\u00e9 quarante minutes d\u2019effort. Selon les premiers \u00e9l\u00e9ments recueillis par les policiers, le conducteur du buggy en aurait perdu le contr\u00f4le alors que plusieurs autres personnes se trouvaient \u00e0 bord. L\u2019adolescent a \u00e9t\u00e9 \u00e9ject\u00e9 lors du choc.<\/p>\n<p>Les images de la vid\u00e9osurveillance exploit\u00e9es pour l\u2019enqu\u00eate<\/p>\n<p class=\"paragraph text_align_left lp-f-body-02\">Le suspect a \u00e9t\u00e9 vu apr\u00e8s l\u2019accident, s\u2019\u00e9chapper dans un autre v\u00e9hicule. Les policiers, qui ont \u00e9t\u00e9 de nouveau appel\u00e9s, l\u2019ont retrouv\u00e9 sur un parking de la cit\u00e9 Jean-Mermoz, \u00e0 Noisy-le-Sec. Le jeune homme, qui \u00e9tait l\u00e9g\u00e8rement bless\u00e9 au visage, a reconnu qu\u2019il \u00e9tait au volant du tout-terrain quand il s\u2019est renvers\u00e9.<\/p>\n<p class=\"paragraph text_align_left lp-f-body-02\">Lors de ses premi\u00e8res d\u00e9clarations, selon une source polici\u00e8re, il a alors affirm\u00e9 avoir \u00e9t\u00e9 victime d\u2019un enl\u00e8vement et aurait pris la fuite par peur d\u2019\u00eatre retrouv\u00e9 par ses ravisseurs. Fait-il allusion \u00e0 des repr\u00e9sailles apr\u00e8s l\u2019accident ou \u00e0 autre chose ? C\u2019est l\u2019enqu\u00eate qui le dira, notamment avec l\u2019exploitation des enregistrements de cam\u00e9ras de vid\u00e9osurveillance.<\/p>\n<p class=\"paragraph text_align_left lp-f-body-02\">De son c\u00f4t\u00e9, le maire de Noisy-le-Sec, Olivier Sarrabeyrouse (PCF) a \u00e9chang\u00e9 avec la maman de la jeune victime.<\/p>\n","protected":false},"excerpt":{"rendered":"Les tours en buggy s\u2019\u00e9taient termin\u00e9s en drame dans la nuit de samedi 9 au dimanche 10 ao\u00fbt,&hellip;\n","protected":false},"author":2,"featured_media":316883,"comment_status":"","ping_status":"","sticky":false,"template":"","format":"standard","meta":{"footnotes":""},"categories":[1888],"tags":[11,1777,674,118,1011,27,1944,12,626,25,1945],"class_list":{"0":"post-316882","1":"post","2":"type-post","3":"status-publish","4":"format-standard","5":"has-post-thumbnail","7":"category-paris","8":"tag-actualites","9":"tag-eu","10":"tag-europe","11":"tag-faits-divers","12":"tag-fr","13":"tag-france","14":"tag-ma-ville","15":"tag-news","16":"tag-paris","17":"tag-republique-francaise","18":"tag-seine-saint-denis"},"share_on_mastodon":{"url":"https:\/\/pubeurope.com\/@fr\/115022931295754451","error":""},"_links":{"self":[{"href":"https:\/\/www.europesays.com\/fr\/wp-json\/wp\/v2\/posts\/316882","targetHints":{"allow":["GET"]}}],"collection":[{"href":"https:\/\/www.europesays.com\/fr\/wp-json\/wp\/v2\/posts"}],"about":[{"href":"https:\/\/www.europesays.com\/fr\/wp-json\/wp\/v2\/types\/post"}],"author":[{"embeddable":true,"href":"https:\/\/www.europesays.com\/fr\/wp-json\/wp\/v2\/users\/2"}],"replies":[{"embeddable":true,"href":"https:\/\/www.europesays.com\/fr\/wp-json\/wp\/v2\/comments?post=316882"}],"version-history":[{"count":0,"href":"https:\/\/www.europesays.com\/fr\/wp-json\/wp\/v2\/posts\/316882\/revisions"}],"wp:featuredmedia":[{"embeddable":true,"href":"https:\/\/www.europesays.com\/fr\/wp-json\/wp\/v2\/media\/316883"}],"wp:attachment":[{"href":"https:\/\/www.europesays.com\/fr\/wp-json\/wp\/v2\/media?parent=316882"}],"wp:term":[{"taxonomy":"category","embeddable":true,"href":"https:\/\/www.europesays.com\/fr\/wp-json\/wp\/v2\/categories?post=316882"},{"taxonomy":"post_tag","embeddable":true,"href":"https:\/\/www.europesays.com\/fr\/wp-json\/wp\/v2\/tags?post=316882"}],"curies":[{"name":"wp","href":"https:\/\/api.w.org\/{rel}","templated":true}]}}