{"id":316884,"date":"2025-08-13T18:43:30","date_gmt":"2025-08-13T18:43:30","guid":{"rendered":"https:\/\/www.europesays.com\/fr\/316884\/"},"modified":"2025-08-13T18:43:30","modified_gmt":"2025-08-13T18:43:30","slug":"a-paris-les-ilots-de-fraicheur-servent-de-refuge-face-a-la-canicule-liberation","status":"publish","type":"post","link":"https:\/\/www.europesays.com\/fr\/316884\/","title":{"rendered":"\u00e0 Paris, les \u00eelots de fra\u00eecheur servent de refuge face \u00e0 la canicule \u2013 Lib\u00e9ration"},"content":{"rendered":"<p class=\"sc-ksZaOG ehjQrN text-element\">Sur le thermom\u00e8tre en bois achet\u00e9 quelques minutes plus t\u00f4t pour la d\u00e9monstration, le liquide rouge ne cesse de grimper. Au tour de Paris de crouler sous la chaleur, apr\u00e8s les records absolus battus dans le sud-ouest de la France qui traverse son second \u00e9pisode caniculaire de l\u2019\u00e9t\u00e9. Dans les rues min\u00e9ralis\u00e9es de la capitale, le mercure s\u2019approche des 40 \u00b0C. Au loin, des arbres. On presse le pas. Arriv\u00e9 \u00e0 destination, place de Catalogne dans le XIVe arrondissement, c\u2019est le soulagement. Des herbes hautes color\u00e9es, une pelouse bien verte, et au centre, des volutes de brume s\u2019\u00e9levant du sol en fines gouttelettes. On jette un coup d\u2019\u0153il \u00e0 l\u2019instrument : 29 \u00b0C.<\/p>\n<p class=\"sc-ksZaOG ehjQrN text-element\">Voil\u00e0 un an que l\u2019ancien rond-point ultra b\u00e9tonn\u00e9, situ\u00e9 \u00e0 deux pas de la gare Montparnasse, s\u2019est transform\u00e9 en v\u00e9ritable \u00eelot de fra\u00eecheur \u2013 <a href=\"https:\/\/experience.arcgis.com\/experience\/97a1ee11f50e4c36afb48b93007b4fb8\/page\/Version-Fran%C3%A7aise\" target=\"_blank\" rel=\"noreferrer noopener\" title=\"https:\/\/experience.arcgis.com\/experience\/97a1ee11f50e4c36afb48b93007b4fb8\/page\/Version-Fran%C3%A7aise\">l\u2019un des 1 400<\/a> que compte Paris. Parcs, jardins, \u00e9glises, rues pi\u00e9tonnes v\u00e9g\u00e9talis\u00e9es, <a href=\"https:\/\/www.liberation.fr\/societe\/a-paris-des-zones-dombrieres-en-pleine-canicule-20220718_IHXL5CRCQFEYTOU3MYHNGKLQPI\/\" target=\"_blank\" rel=\"noreferrer noopener\" title=\"https:\/\/www.liberation.fr\/societe\/a-paris-des-zones-dombrieres-en-pleine-canicule-20220718_IHXL5CRCQFEYTOU3MYHNGKLQPI\/\">ombri\u00e8res<\/a>, et bien s\u00fbr <a href=\"https:\/\/www.liberatio&lt;\/p&gt;&lt;\/div&gt;&lt;\/article&gt;&lt;\/div&gt;&lt;div data-fusion-lazy-id=\" f0f8vgvlad832fw=\"\"><\/p>\n","protected":false},"excerpt":{"rendered":"Sur le thermom\u00e8tre en bois achet\u00e9 quelques minutes plus t\u00f4t pour la d\u00e9monstration, le liquide rouge ne cesse&hellip;\n","protected":false},"author":2,"featured_media":316885,"comment_status":"","ping_status":"","sticky":false,"template":"","format":"standard","meta":{"footnotes":""},"categories":[1888],"tags":[11,35662,1777,674,1011,27,12,626,5140,25],"class_list":{"0":"post-316884","1":"post","2":"type-post","3":"status-publish","4":"format-standard","5":"has-post-thumbnail","7":"category-paris","8":"tag-actualites","9":"tag-adaptation-changement-climatique","10":"tag-eu","11":"tag-europe","12":"tag-fr","13":"tag-france","14":"tag-news","15":"tag-paris","16":"tag-rechauffement-climatique","17":"tag-republique-francaise"},"share_on_mastodon":{"url":"https:\/\/pubeurope.com\/@fr\/115022935094185283","error":""},"_links":{"self":[{"href":"https:\/\/www.europesays.com\/fr\/wp-json\/wp\/v2\/posts\/316884","targetHints":{"allow":["GET"]}}],"collection":[{"href":"https:\/\/www.europesays.com\/fr\/wp-json\/wp\/v2\/posts"}],"about":[{"href":"https:\/\/www.europesays.com\/fr\/wp-json\/wp\/v2\/types\/post"}],"author":[{"embeddable":true,"href":"https:\/\/www.europesays.com\/fr\/wp-json\/wp\/v2\/users\/2"}],"replies":[{"embeddable":true,"href":"https:\/\/www.europesays.com\/fr\/wp-json\/wp\/v2\/comments?post=316884"}],"version-history":[{"count":0,"href":"https:\/\/www.europesays.com\/fr\/wp-json\/wp\/v2\/posts\/316884\/revisions"}],"wp:featuredmedia":[{"embeddable":true,"href":"https:\/\/www.europesays.com\/fr\/wp-json\/wp\/v2\/media\/316885"}],"wp:attachment":[{"href":"https:\/\/www.europesays.com\/fr\/wp-json\/wp\/v2\/media?parent=316884"}],"wp:term":[{"taxonomy":"category","embeddable":true,"href":"https:\/\/www.europesays.com\/fr\/wp-json\/wp\/v2\/categories?post=316884"},{"taxonomy":"post_tag","embeddable":true,"href":"https:\/\/www.europesays.com\/fr\/wp-json\/wp\/v2\/tags?post=316884"}],"curies":[{"name":"wp","href":"https:\/\/api.w.org\/{rel}","templated":true}]}}