{"id":316890,"date":"2025-08-13T18:46:17","date_gmt":"2025-08-13T18:46:17","guid":{"rendered":"https:\/\/www.europesays.com\/fr\/316890\/"},"modified":"2025-08-13T18:46:17","modified_gmt":"2025-08-13T18:46:17","slug":"le-vice-president-americain-jd-vance-rend-visite-aux-troupes-americaines-basees-au-royaume-uni","status":"publish","type":"post","link":"https:\/\/www.europesays.com\/fr\/316890\/","title":{"rendered":"Le vice-pr\u00e9sident am\u00e9ricain JD Vance rend visite aux troupes am\u00e9ricaines bas\u00e9es au Royaume-Uni"},"content":{"rendered":"<p>JD Vance a d\u00e9clar\u00e9 aux militaires am\u00e9ricains d\u00e9ploy\u00e9s sur la base a\u00e9rienne britannique de Fairford, dans le sud-ouest de l\u2019Angleterre, que leur pr\u00e9sence \u00e9tait essentielle pour aider \u00e0 mettre fin aux combats sur le sol ukrainien.<\/p>\n<p class=\"fig-paragraph\">Le vice-pr\u00e9sident am\u00e9ricain\u00a0<a href=\"http:\/\/www.lefigaro.fr\/international\/guerre-en-ukraine-jd-vance-assure-que-les-etats-unis-veulent-programmer-une-rencontre-trump-poutine-zelensky-20250811\" target=\"_blank\" data-fig-type=\"NewsFlash\" rel=\"noopener nofollow\" data-gtm-custom-categorie=\"navigation\" data-gtm-custom-action=\"crossclick\" data-gtm-custom-label=\"Contextuel\" data-gtm-event=\"customEventSPE\" data-fig-domain=\"LEFIGARO\">JD Vance<\/a>\u00a0a profit\u00e9 mercredi de vacances au Royaume-Uni pour rendre visite aux forces am\u00e9ricaines bas\u00e9es dans ce pays, l&rsquo;occasion pour lui de saluer leur \u00abcourage\u00bb. JD Vance avait peu avant particip\u00e9 \u00e0 des r\u00e9unions en visioconf\u00e9rence avec les principaux dirigeants europ\u00e9ens et Donald Trump sur la guerre en Ukraine, \u00e0 deux jours d&rsquo;une rencontre entre le pr\u00e9sident am\u00e9ricain et son homologue russe\u00a0<a href=\"http:\/\/www.lefigaro.fr\/international\/sommet-de-l-alaska-le-sort-de-l-ukraine-entre-les-mains-de-donald-trump-et-vladimir-poutine-20250813\" target=\"_blank\" data-fig-type=\"Article\" rel=\"noopener nofollow\" data-gtm-custom-categorie=\"navigation\" data-gtm-custom-action=\"crossclick\" data-gtm-custom-label=\"Contextuel\" data-gtm-event=\"customEventSPE\" data-fig-domain=\"LEFIGARO\">Vladimir Poutine<\/a>\u00a0pr\u00e9vue en Alaska.<\/p>\n<p class=\"fig-paragraph\">JD Vance a d\u00e9clar\u00e9 aux militaires am\u00e9ricains d\u00e9ploy\u00e9s sur la base a\u00e9rienne britannique de Fairford, dans le sud-ouest de l&rsquo;Angleterre, que leur pr\u00e9sence \u00e9tait essentielle pour aider \u00e0 mettre fin aux combats sur le sol ukrainien. Donald Trump doit rencontrer Vladimir Poutine vendredi pour \u00abtenter de mettre fin \u00e0 cette guerre terrible en Russie et en Ukraine\u00bb, a d\u00e9clar\u00e9 JD Vance aux soldats.<\/p>\n<p>                                    <a class=\"fig-a11y-skip a11y-hidden\" href=\"#fig-a11y-skip-main-inarticle\"><br \/>\n        Passer la publicit\u00e9<br \/>\n    <\/a><\/p>\n<p>\u00abN\u00e9gociation avec force\u00bb<\/p>\n<p class=\"fig-paragraph\">\u00abVous \u00eates ceux qui rendent cela possible. Vous \u00eates la raison pour laquelle nous pouvons engager des n\u00e9gociations avec force\u00bb, leur a dit le vice-pr\u00e9sident am\u00e9ricain. Le premier ministre britannique Keir Starmer a \u00e9voqu\u00e9 mercredi une \u00abchance\u00bb r\u00e9elle de parvenir \u00e0 un cessez-le-feu en Ukraine gr\u00e2ce \u00e0 Donald Trump. Les Europ\u00e9ens l&rsquo;ont press\u00e9 d&rsquo;amener Vladimir Poutine \u00e0 accepter un cessez-le-feu en\u00a0<a href=\"http:\/\/www.lefigaro.fr\/international\/guerre-en-ukraine-les-europeens-placent-leurs-espoirs-en-donald-trump-pour-obtenir-un-cessez-le-feu-20250813\" target=\"_blank\" data-fig-type=\"Article\" rel=\"noopener nofollow\" data-gtm-custom-categorie=\"navigation\" data-gtm-custom-action=\"crossclick\" data-gtm-custom-label=\"Contextuel\" data-gtm-event=\"customEventSPE\" data-fig-domain=\"LEFIGARO\">Ukraine<\/a>, o\u00f9 l&rsquo;arm\u00e9e russe progresse.<\/p>\n<p class=\"fig-paragraph\">Le vice-pr\u00e9sident JD Vance est arriv\u00e9 au Royaume-Uni le 8 ao\u00fbt avec sa femme et ses trois jeunes enfants. Conjuguant travail et d\u00e9tente, il a rencontr\u00e9 des responsables britanniques, dont le chef de la diplomatie David Lammy, qui l&rsquo;a accueilli ce week-end \u00e0 Chevening house, la r\u00e9sidence de campagne dont b\u00e9n\u00e9ficie David Lammy dans le Kent (sud-est de Londres).<\/p>\n<p class=\"fig-paragraph\">Il s&rsquo;est ensuite rendu \u00e0 la campagne; dans les Cotswolds (ouest), o\u00f9 quelque 60 manifestants avaient organis\u00e9 une f\u00eate de \u00abnon-bienvenue\u00bb pour protester contre ce d\u00e9placement. Selon les m\u00e9dias britanniques, JD Vance a pris son petit-d\u00e9jeuner mercredi avec Nigel Farage, le chef du parti anti-immigration Reform UK, en t\u00eate des sondages depuis plusieurs mois au Royaume-Uni. Il a en outre rencontr\u00e9 mardi Robert Jenrick, charg\u00e9 de la justice au sein du Parti conservateur mais n&rsquo;a pas r\u00e9ussi \u00e0 organiser des discussions en face-\u00e0-face avec la cheffe Kemi Badenoch de cette formation, selon le Times. JD Vance devrait passer quelques jours avec sa famille en \u00c9cosse.<\/p>\n","protected":false},"excerpt":{"rendered":"JD Vance a d\u00e9clar\u00e9 aux militaires am\u00e9ricains d\u00e9ploy\u00e9s sur la base a\u00e9rienne britannique de Fairford, dans le sud-ouest&hellip;\n","protected":false},"author":2,"featured_media":316891,"comment_status":"","ping_status":"","sticky":false,"template":"","format":"standard","meta":{"footnotes":""},"categories":[1589],"tags":[11,73,1866,79,12,1864,1865,1863,308],"class_list":{"0":"post-316890","1":"post","2":"type-post","3":"status-publish","4":"format-standard","5":"has-post-thumbnail","7":"category-etats-unis","8":"tag-actualites","9":"tag-etats-unis","10":"tag-etats-unis-damerique","11":"tag-j-d-vance","12":"tag-news","13":"tag-united-states","14":"tag-united-states-of-america","15":"tag-us","16":"tag-usa"},"share_on_mastodon":{"url":"https:\/\/pubeurope.com\/@fr\/115022947070515809","error":""},"_links":{"self":[{"href":"https:\/\/www.europesays.com\/fr\/wp-json\/wp\/v2\/posts\/316890","targetHints":{"allow":["GET"]}}],"collection":[{"href":"https:\/\/www.europesays.com\/fr\/wp-json\/wp\/v2\/posts"}],"about":[{"href":"https:\/\/www.europesays.com\/fr\/wp-json\/wp\/v2\/types\/post"}],"author":[{"embeddable":true,"href":"https:\/\/www.europesays.com\/fr\/wp-json\/wp\/v2\/users\/2"}],"replies":[{"embeddable":true,"href":"https:\/\/www.europesays.com\/fr\/wp-json\/wp\/v2\/comments?post=316890"}],"version-history":[{"count":0,"href":"https:\/\/www.europesays.com\/fr\/wp-json\/wp\/v2\/posts\/316890\/revisions"}],"wp:featuredmedia":[{"embeddable":true,"href":"https:\/\/www.europesays.com\/fr\/wp-json\/wp\/v2\/media\/316891"}],"wp:attachment":[{"href":"https:\/\/www.europesays.com\/fr\/wp-json\/wp\/v2\/media?parent=316890"}],"wp:term":[{"taxonomy":"category","embeddable":true,"href":"https:\/\/www.europesays.com\/fr\/wp-json\/wp\/v2\/categories?post=316890"},{"taxonomy":"post_tag","embeddable":true,"href":"https:\/\/www.europesays.com\/fr\/wp-json\/wp\/v2\/tags?post=316890"}],"curies":[{"name":"wp","href":"https:\/\/api.w.org\/{rel}","templated":true}]}}