{"id":316894,"date":"2025-08-13T18:48:13","date_gmt":"2025-08-13T18:48:13","guid":{"rendered":"https:\/\/www.europesays.com\/fr\/316894\/"},"modified":"2025-08-13T18:48:13","modified_gmt":"2025-08-13T18:48:13","slug":"allemagne-apres-100-jours-au-pouvoir-le-chancelier-friedrich-merz-en-difficulte-dans-les-sondages","status":"publish","type":"post","link":"https:\/\/www.europesays.com\/fr\/316894\/","title":{"rendered":"Allemagne. Apr\u00e8s 100 jours au pouvoir, le chancelier Friedrich Merz en difficult\u00e9 dans les sondages"},"content":{"rendered":"<p>Ce jeudi, cela fera exactement 100 jours que le conservateur <a href=\"https:\/\/www.ledauphine.com\/p\/friedrich-merz\" target=\"_blank\" rel=\"nofollow noopener\">Friedrich Merz<\/a> a \u00e9t\u00e9 \u00e9lu chancelier par le Bundestag, l\u2019Assembl\u00e9e nationale allemande. Il n\u2019aura gu\u00e8re le c\u0153ur \u00e0 f\u00eater l\u2019\u00e9v\u00e9nement\u00a0: moins d\u2019un tiers des \u00e9lecteurs (29\u00a0%) est satisfait de son action. Le soutien reste \u00e9lev\u00e9 mais en diminution dans ses troupes de la CDU-CSU, il est en revanche d\u00e9j\u00e0 minoritaire chez les \u00e9lecteurs du SPD social-d\u00e9mocrate, le partenaire de la coalition. La <a href=\"https:\/\/www.n-tv.de\/politik\/RTL-ntv-Trendbarometer-Zufriedenheit-mit-Merz-sinkt-in-den-Keller-die-AfD-ueberholt-die-Union-article25959624.html\" target=\"_blank\" rel=\"nofollow noopener\">t\u00e9l\u00e9vision RTL\/ntv<\/a>, qui publie ce sondage Forsa, titre joliment\u00a0: \u00ab\u00a0La cote de Merz tombe \u00e0 la cave.\u00a0\u00bb<\/p>\n<p>L\u2019extr\u00eame droite en hausse<\/p>\n<p>Plus pr\u00e9occupant encore, si possible\u00a0: les intentions de vote pour le parti d\u2019extr\u00eame droite AfD (Alternative f\u00fcr Deutschland) d\u00e9passent une nouvelle fois celles de la CDU-CSU, \u00e0 26\u00a0% contre 24\u00a0%. Or, c\u2019est bien aux \u00e9lecteurs de l\u2019AfD que Friedrich Merz a voulu s\u2019adresser d\u00e8s son \u00e9lection, avec la volont\u00e9 de les \u00ab\u00a0ramener au bercail\u00a0\u00bb du centre droit en prenant des <a href=\"https:\/\/www.ledauphine.com\/societe\/2025\/06\/02\/la-politique-migratoire-de-friedrich-merz-jugee-illegale-par-un-tribunal\" target=\"_blank\" rel=\"nofollow noopener\">mesures tr\u00e8s dures contre l\u2019immigration<\/a>.<\/p>\n<p>L\u2019\u00e9chec n\u2019est pas moins net sur l\u2019\u00e9conomie. Apr\u00e8s avoir surpris son propre \u00e9lectorat en l\u00e2chant le frein sur la dette de l\u2019\u00c9tat pour <a href=\"https:\/\/www.ledauphine.com\/defense-guerre-conflit\/2025\/06\/23\/allemagne-les-depenses-militaires-atteindront-3-5-du-pib-en-2029\" target=\"_blank\" rel=\"nofollow noopener\">lancer de grands investissements<\/a>, le chancelier gagne certes le satisfecit des trois quarts des chefs d\u2019entreprise \u2013 mais les deux tiers des \u00e9lecteurs (62\u00a0%) s\u2019attendent \u00e0 une d\u00e9gradation de l\u2019\u00e9conomie allemande.<\/p>\n<p>  Les prorusses aussi<\/p>\n<p>Hors d\u2019Allemagne, cependant, les \u00ab 100 jours\u00a0\u00bb de Friedrich Merz ont \u00e9t\u00e9 jug\u00e9s plut\u00f4t positifs. Mais son <a href=\"https:\/\/www.ledauphine.com\/defense-guerre-conflit\/2025\/05\/28\/ukraine-et-gaza-comment-la-diplomatie-du-chancelier-friedrich-merz-marque-une-rupture\" target=\"_blank\" rel=\"nofollow noopener\">activisme diplomatique<\/a>, en rupture avec la discr\u00e9tion de son pr\u00e9d\u00e9cesseur <a href=\"https:\/\/www.ledauphine.com\/p\/olaf-scholz\" target=\"_blank\" rel=\"nofollow noopener\">Olaf Scholz<\/a>, pourrait vite p\u00e2tir de son impopularit\u00e9. Il a d\u00e9j\u00e0 heurt\u00e9 sa base conservatrice par sa d\u00e9cision de <a href=\"https:\/\/www.ledauphine.com\/defense-guerre-conflit\/2025\/08\/08\/l-allemagne-annonce-la-suspension-des-exportations-d-armes-susceptibles-d-etre-utilisees-a-gaza\" target=\"_blank\" rel=\"nofollow noopener\">cesser les livraisons \u00e0 Isra\u00ebl d\u2019armes<\/a> pouvant servir \u00e0 la guerre \u00e0 Gaza.<\/p>\n<p>Il s\u2019est m\u00eame attir\u00e9 les critiques de l\u2019AfD, qui \u00e9pouse la m\u00e9tamorphose de l\u2019extr\u00eame droite europ\u00e9enne d\u2019un fond antis\u00e9mite \u00e0 la d\u00e9fense d\u2019Isra\u00ebl, au nom de la lutte contre l\u2019islam. Et le soutien affirm\u00e9 \u00e0 l\u2019Ukraine de sa coalition CDU-CSU-SPD est menac\u00e9 par la mont\u00e9e de l\u2019AfD \u00e0 droite, mais aussi de Die Linke (\u00e0 11\u00a0%, juste derri\u00e8re le SPD en chute \u00e0 13\u00a0%), une gauche radicale \u00e9galement proche des th\u00e8ses russes.<\/p>\n","protected":false},"excerpt":{"rendered":"Ce jeudi, cela fera exactement 100 jours que le conservateur Friedrich Merz a \u00e9t\u00e9 \u00e9lu chancelier par le&hellip;\n","protected":false},"author":2,"featured_media":316895,"comment_status":"","ping_status":"","sticky":false,"template":"","format":"standard","meta":{"footnotes":""},"categories":[1587],"tags":[11,672,1804,1805,1803,1777,674,107,329,1801,12,316,1802],"class_list":{"0":"post-316894","1":"post","2":"type-post","3":"status-publish","4":"format-standard","5":"has-post-thumbnail","7":"category-allemagne","8":"tag-actualites","9":"tag-allemagne","10":"tag-bundesrepublik-deutschland","11":"tag-de","12":"tag-deutschland","13":"tag-eu","14":"tag-europe","15":"tag-fil-info","16":"tag-france-monde","17":"tag-germany","18":"tag-news","19":"tag-politique","20":"tag-republique-federale-dallemagne"},"share_on_mastodon":{"url":"https:\/\/pubeurope.com\/@fr\/115022955082719364","error":""},"_links":{"self":[{"href":"https:\/\/www.europesays.com\/fr\/wp-json\/wp\/v2\/posts\/316894","targetHints":{"allow":["GET"]}}],"collection":[{"href":"https:\/\/www.europesays.com\/fr\/wp-json\/wp\/v2\/posts"}],"about":[{"href":"https:\/\/www.europesays.com\/fr\/wp-json\/wp\/v2\/types\/post"}],"author":[{"embeddable":true,"href":"https:\/\/www.europesays.com\/fr\/wp-json\/wp\/v2\/users\/2"}],"replies":[{"embeddable":true,"href":"https:\/\/www.europesays.com\/fr\/wp-json\/wp\/v2\/comments?post=316894"}],"version-history":[{"count":0,"href":"https:\/\/www.europesays.com\/fr\/wp-json\/wp\/v2\/posts\/316894\/revisions"}],"wp:featuredmedia":[{"embeddable":true,"href":"https:\/\/www.europesays.com\/fr\/wp-json\/wp\/v2\/media\/316895"}],"wp:attachment":[{"href":"https:\/\/www.europesays.com\/fr\/wp-json\/wp\/v2\/media?parent=316894"}],"wp:term":[{"taxonomy":"category","embeddable":true,"href":"https:\/\/www.europesays.com\/fr\/wp-json\/wp\/v2\/categories?post=316894"},{"taxonomy":"post_tag","embeddable":true,"href":"https:\/\/www.europesays.com\/fr\/wp-json\/wp\/v2\/tags?post=316894"}],"curies":[{"name":"wp","href":"https:\/\/api.w.org\/{rel}","templated":true}]}}