{"id":316896,"date":"2025-08-13T18:49:12","date_gmt":"2025-08-13T18:49:12","guid":{"rendered":"https:\/\/www.europesays.com\/fr\/316896\/"},"modified":"2025-08-13T18:49:12","modified_gmt":"2025-08-13T18:49:12","slug":"avant-la-rencontre-trump-poutine-les-europeens-tentent-de-limiter-les-degats-liberation","status":"publish","type":"post","link":"https:\/\/www.europesays.com\/fr\/316896\/","title":{"rendered":"Avant la rencontre Trump-Poutine, les Europ\u00e9ens tentent de limiter les d\u00e9g\u00e2ts \u2013 Lib\u00e9ration"},"content":{"rendered":"<p class=\"sc-ksZaOG ehjQrN text-element\">Pour l\u2019UE, c\u2019est la semaine des r\u00e9unions d\u2019urgence. Apr\u00e8s celle des ambassadeurs, celle des ministres des Affaires \u00e9trang\u00e8res et celle des Etats membres, voici venue celle des principaux dirigeants avec Donald Trump. Lors de toutes ces rencontres, organis\u00e9es \u00e0 la h\u00e2te et en visioconf\u00e9rence, \u00e0 une \u00e9poque o\u00f9 tout Bruxelles est normalement \u00e0 l\u2019arr\u00eat, les Europ\u00e9ens ont <a href=\"https:\/\/www.liberation.fr\/international\/europe\/les-europeens-appellent-a-maintenir-la-pression-sur-la-russie-avant-le-sommet-trump-poutine-20250810_HLKIEWU7KNDM5JLCUZQAUK5M5E\/\" target=\"_blank\" rel=\"nofollow noopener\" title=\"https:\/\/www.liberation.fr\/international\/europe\/les-europeens-appellent-a-maintenir-la-pression-sur-la-russie-avant-le-sommet-trump-poutine-20250810_HLKIEWU7KNDM5JLCUZQAUK5M5E\/\">martel\u00e9 un m\u00eame message<\/a> : la paix en Ukraine ne saurait se faire sans les Ukrainiens, elle devra respecter l\u2019int\u00e9grit\u00e9 territoriale du pays et les \u00abint\u00e9r\u00eats de s\u00e9curit\u00e9 vitaux\u00bb des Europ\u00e9ens.<\/p>\n<p class=\"sc-ksZaOG ehjQrN text-element\">Ces efforts d\u2019unit\u00e9 et de clart\u00e9 ont bien du mal \u00e0 se traduire en avanc\u00e9es diplomatiques. Trump \u00e9voque toujours des \u00ab\u00e9changes de territoires\u00bb, \u00adeuph\u00e9misme pour une occupation russe, mais a affirm\u00e9 vouloir organiser d\u00e8s que possible une r\u00e9union avec ses homologues russe et ukrainien. Autre petite victoire pour les Europ\u00e9ens et Zelensky : apr\u00e8s leur entretien avec Trump, que celui-ci a qualifi\u00e9 de \u00abtr\u00e8s bon appel\u00bb, le pr\u00e9sident am\u00e9ricain a menac\u00e9 Moscou de \u00abcons\u00e9quences tr\u00e8s graves\u00bb si la guerre se poursuivait.<\/p>\n<p class=\"sc-ksZaOG ehjQrN text-element\">A leur sortie de la rencontre, les Europ\u00e9ens ont tent\u00e9 de balayer l\u2019id\u00e9e qu\u2019ils seraient mis de c\u00f4t\u00e9. \u00abIl est parfaitement naturel que cette rencontre bilat\u00e9rale [entre Trump et Poutine] ait lieu. L\u2019important \u00e9tait qu\u2019il y ait une coordination sur les questions qui touchent \u00e0 l\u2019Europe, \u00e0 notre s\u00e9curit\u00e9 collective\u00bb, a affirm\u00e9 Emmanuel Macron.<\/p>\n<p class=\"sc-ksZaOG ehjQrN text-element\">Sous couvert d\u2019enthousiasme pour l\u2019initiative de Trump, qui partagerait \u00ables m\u00eames objectifs\u00bb que les Europ\u00e9ens, les dirigeants ont r\u00e9p\u00e9t\u00e9 un point important : \u00abun cessez-le-feu\u00bb entre Moscou et Kyiv \u00abdoit venir en premier\u00bb pour que d\u2019\u00e9ventuelles n\u00e9gociations puissent se d\u00e9rouler \u00abdans le bon ordre\u00bb, comme l\u2019a rappel\u00e9 le chancelier allemand Friedrich Merz. Macron, quant \u00e0 lui, a affirm\u00e9 que Trump allait \u00abse battre\u00bb pour obtenir \u00abune trilat\u00e9rale avec Zelensky [et Poutine]\u00bb, que le pr\u00e9sident fran\u00e7ais souhaiterait voir se tenir en Europe.<\/p>\n<p class=\"sc-ksZaOG ehjQrN text-element\">L\u2019issue de la rencontre en Alaska dira s\u2019il est rest\u00e9 quelque chose de cette discussion, mais un optimisme prudent reste de mise. \u00abLes pr\u00e9sidents russes et am\u00e9ricains s\u2019accordent compl\u00e8tement dans leur volont\u00e9 d\u2019exclure les Europ\u00e9ens des discussions et de marginaliser l\u2019UE. Ils pr\u00e9f\u00e8rent revenir \u00e0 un rapport bilat\u00e9ral, quasiment bipolaire, h\u00e9rit\u00e9 de la guerre froide. Et comme l\u2019UE ne dispose pas d\u2019un outil militaire, ils peuvent se le permettre\u00bb, pointe Cyrille Bret, chercheur associ\u00e9 \u00e0 l\u2019Institut Montaigne.<\/p>\n<p class=\"sc-ksZaOG ehjQrN text-element\">Les plus d\u00e9faitistes \u2013 ou les plus r\u00e9alistes, selon le point de vue \u2013 ont commenc\u00e9 \u00e0 ouvrir la porte des concessions \u00e0 la Russie. <a href=\"https:\/\/www.liberation.fr\/international\/europe\/mark-rutte-un-secretaire-general-en-teflon-pour-lotan-20240930_5RO5I4UJHBDQVCNWQ2TGT7EJYQ\/\" target=\"_blank\" rel=\"nofollow noopener\" title=\"https:\/\/www.liberation.fr\/international\/europe\/mark-rutte-un-secretaire-general-en-teflon-pour-lotan-20240930_5RO5I4UJHBDQVCNWQ2TGT7EJYQ\/\">Mark Rutte<\/a>, ancien Premier ministre n\u00e9erlandais devenu patron de l\u2019Otan et <a href=\"https:\/\/www.liberation.fr\/international\/europe\/donald-trump-et-lotan-la-securite-de-leurope-vaut-bien-une-lettre-20250624_B2EL255UUJBCBFUJSTYGG6VVQ4\/\" target=\"_blank\" rel=\"nofollow noopener\" title=\"https:\/\/www.liberation.fr\/international\/europe\/donald-trump-et-lotan-la-securite-de-leurope-vaut-bien-une-lettre-20250624_B2EL255UUJBCBFUJSTYGG6VVQ4\/\">flagorneur en chef de Trump<\/a>, s\u2019est ainsi mis au diapason du pr\u00e9sident am\u00e9ricain en \u00e9voquant la reconnaissance d\u2019une \u00aboccupation de facto mais non de jure\u00bb (de fait mais pas de droit) d\u2019une partie du territoire ukrainien par la Russie. La sortie a outr\u00e9 les plus ardents partisans de l\u2019Ukraine, les Etats nordiques et baltiques, qui sont aussi souvent ceux qui ont fait le plus d\u2019efforts pour augmenter leurs d\u00e9penses de d\u00e9fense. \u00abNous avons toujours les capacit\u00e9s d\u2019aider l\u2019Ukraine \u00e0 se battre, nous les avons toujours eues. La seule chose que nous n\u2019avons pas, c\u2019est le courage de le faire\u00bb, a tanc\u00e9 l\u2019ancien ministre des Affaires \u00e9trang\u00e8res lituanien Gabrielius Landsbergis.<\/p>\n<p class=\"sc-ksZaOG ehjQrN text-element\">De fait, l\u2019Europe n\u2019est pas impotente. Elle est devenue de loin le principal soutien militaire de l\u2019Ukraine depuis le d\u00e9but de l\u2019ann\u00e9e, en compensant <a href=\"https:\/\/www.liberation.fr\/international\/amerique\/gel-de-livraisons-darmes-a-lukraine-les-etats-unis-preservent-leur-stock-exposant-leur-allie-au-feu-russe-20250702_Z3LJ3RTGCZF3FL4DZN3UO3XVMU\/\" target=\"_blank\" rel=\"nofollow noopener\" title=\"https:\/\/www.liberation.fr\/international\/amerique\/gel-de-livraisons-darmes-a-lukraine-les-etats-unis-preservent-leur-stock-exposant-leur-allie-au-feu-russe-20250702_Z3LJ3RTGCZF3FL4DZN3UO3XVMU\/\">la suspension de l\u2019aide am\u00e9ricaine<\/a>. C\u2019est \u00e9galement elle qui a la main sur les deux tiers des 300 milliards de dollars (256 milliards d\u2019euros) <a href=\"https:\/\/www.liberation.fr\/international\/europe\/guerre-en-ukraine-les-avoirs-russes-geles-lorgnes-avec-interets-par-les-occidentaux-20240225_2KVOHJLKFNGNVMH7HY4DAELJN4\/\" target=\"_blank\" rel=\"nofollow noopener\" title=\"https:\/\/www.liberation.fr\/international\/europe\/guerre-en-ukraine-les-avoirs-russes-geles-lorgnes-avec-interets-par-les-occidentaux-20240225_2KVOHJLKFNGNVMH7HY4DAELJN4\/\">d\u2019avoirs russes gel\u00e9s<\/a>, qui seront un point de n\u00e9gociation dans l\u2019\u00e9laboration d\u2019une paix. \u00abPrisonnier de sa logique court-termiste, Trump pourra au mieux d\u00e9crocher un cessez-le-feu, estime Cyrille Bret. Mais aucune paix durable ne pourra \u00eatre envisag\u00e9e sans le concours europ\u00e9en.\u00bb<\/p>\n","protected":false},"excerpt":{"rendered":"Pour l\u2019UE, c\u2019est la semaine des r\u00e9unions d\u2019urgence. Apr\u00e8s celle des ambassadeurs, celle des ministres des Affaires \u00e9trang\u00e8res&hellip;\n","protected":false},"author":2,"featured_media":316897,"comment_status":"","ping_status":"","sticky":false,"template":"","format":"standard","meta":{"footnotes":""},"categories":[1586],"tags":[11,75,1073,1777,674,1011,27,4710,12,25,297,364,134],"class_list":{"0":"post-316896","1":"post","2":"type-post","3":"status-publish","4":"format-standard","5":"has-post-thumbnail","7":"category-europe","8":"tag-actualites","9":"tag-donald-trump","10":"tag-emmanuel-macron","11":"tag-eu","12":"tag-europe","13":"tag-fr","14":"tag-france","15":"tag-friedrich-merz","16":"tag-news","17":"tag-republique-francaise","18":"tag-ukraine-la-crise","19":"tag-union-europeenne","20":"tag-volodymyr-zelensky"},"share_on_mastodon":{"url":"https:\/\/pubeurope.com\/@fr\/115022958790432543","error":""},"_links":{"self":[{"href":"https:\/\/www.europesays.com\/fr\/wp-json\/wp\/v2\/posts\/316896","targetHints":{"allow":["GET"]}}],"collection":[{"href":"https:\/\/www.europesays.com\/fr\/wp-json\/wp\/v2\/posts"}],"about":[{"href":"https:\/\/www.europesays.com\/fr\/wp-json\/wp\/v2\/types\/post"}],"author":[{"embeddable":true,"href":"https:\/\/www.europesays.com\/fr\/wp-json\/wp\/v2\/users\/2"}],"replies":[{"embeddable":true,"href":"https:\/\/www.europesays.com\/fr\/wp-json\/wp\/v2\/comments?post=316896"}],"version-history":[{"count":0,"href":"https:\/\/www.europesays.com\/fr\/wp-json\/wp\/v2\/posts\/316896\/revisions"}],"wp:featuredmedia":[{"embeddable":true,"href":"https:\/\/www.europesays.com\/fr\/wp-json\/wp\/v2\/media\/316897"}],"wp:attachment":[{"href":"https:\/\/www.europesays.com\/fr\/wp-json\/wp\/v2\/media?parent=316896"}],"wp:term":[{"taxonomy":"category","embeddable":true,"href":"https:\/\/www.europesays.com\/fr\/wp-json\/wp\/v2\/categories?post=316896"},{"taxonomy":"post_tag","embeddable":true,"href":"https:\/\/www.europesays.com\/fr\/wp-json\/wp\/v2\/tags?post=316896"}],"curies":[{"name":"wp","href":"https:\/\/api.w.org\/{rel}","templated":true}]}}