{"id":316898,"date":"2025-08-13T18:50:19","date_gmt":"2025-08-13T18:50:19","guid":{"rendered":"https:\/\/www.europesays.com\/fr\/316898\/"},"modified":"2025-08-13T18:50:19","modified_gmt":"2025-08-13T18:50:19","slug":"lue-et-kyiv-font-pression-sur-trump-la-canicule-toujours-presente-bacterie-listeria-lactu-de-ce-mercredi-13-aout-liberation","status":"publish","type":"post","link":"https:\/\/www.europesays.com\/fr\/316898\/","title":{"rendered":"L\u2019UE et Kyiv font pression sur Trump, la canicule toujours pr\u00e9sente, bact\u00e9rie List\u00e9ria\u2026 L\u2019actu de ce mercredi 13 ao\u00fbt \u2013 Lib\u00e9ration"},"content":{"rendered":"<p class=\"sc-ksZaOG ehjQrN text-element\">Chaque soir, la r\u00e9daction de Lib\u00e9 s\u00e9lectionne les actualit\u00e9s du jour qu\u2019il ne fallait pas rater en France et dans le reste du monde.<\/p>\n<p class=\"sc-ksZaOG ehjQrN text-element\">Alors que Donald Trump et Vladimir Poutine doivent se rencontrer le vendredi 15 ao\u00fbt en Alaska, dirigeants europ\u00e9ens et ukrainien se r\u00e9unissaient pour faire pression sur le pr\u00e9sident am\u00e9ricain, mercredi 13, en visioconf\u00e9rence. L\u2019objectif : s\u2019assurer qu\u2019aucune partition de l\u2019Ukraine ne soit d\u00e9cid\u00e9e lors de ce sommet bilat\u00e9ral. Les concessions territoriales exig\u00e9es par la Russie pour parvenir \u00e0 un cessez-le-feu et l\u2019apparent accord des Etats-Unis face \u00e0 cette perspective ont incit\u00e9 les dirigeants de l\u2019UE et le Royaume-Uni \u00e0 faire front commun pour s\u2019assurer que Kyiv serait partie prenante des n\u00e9gociations. <a href=\"https:\/\/www.liberation.fr\/international\/europe\/les-objectifs-de-moscou-nont-pas-change-en-ukraine-la-peur-detre-pris-au-piege-de-la-rencontre-trump-poutine-20250813_7VTXOFXXWNFQ7LTMIWJCX6RLVI \/\" target=\"_blank\" rel=\"noreferrer nofollow noopener\" title=\"https:\/\/www.liberation.fr\/international\/europe\/les-objectifs-de-moscou-nont-pas-change-en-ukraine-la-peur-detre-pris-au-piege-de-la-rencontre-trump-poutine-20250813_7VTXOFXXWNFQ7LTMIWJCX6RLVI \/\">Notre article<\/a><\/p>\n<p class=\"sc-ksZaOG ehjQrN text-element\">Depuis lundi 11 ao\u00fbt, des produits fabriqu\u00e9s par une fromagerie de la Creuse et vendus en supermarch\u00e9 font l\u2019objet d\u2019un rappel en raison de suspicion de contaminations \u00e0 la bact\u00e9rie List\u00e9ria. \u00abLib\u00e9\u00bb dresse la liste des fromages concern\u00e9s. <a href=\"\" target=\"_blank\" rel=\"\" title=\"\">Notre article<\/a><\/p>\n<p class=\"sc-ksZaOG ehjQrN text-element\">Ariane 6 a r\u00e9ussi son lancement de Kourou dans la nuit de mardi \u00e0 mercredi. Un succ\u00e8s qui, on l\u2019esp\u00e8re, sonne le retour de l\u2019Europe dans la course face \u00e0 Elon Musk, avec la France pour moteur. <a href=\"https:\/\/www.liberation.fr\/economie\/apres-le-decollage-reussi-en-guyane-ariane-doit-retrouver-le-fil-de-laventure-spatiale-20250813_E4Z6TSAFYFGYPGRENVRCB5CKNU\/\" target=\"_blank\" rel=\"noreferrer nofollow noopener\" title=\"https:\/\/www.liberation.fr\/economie\/apres-le-decollage-reussi-en-guyane-ariane-doit-retrouver-le-fil-de-laventure-spatiale-20250813_E4Z6TSAFYFGYPGRENVRCB5CKNU\/\">Notre billet<\/a><\/p>\n<p class=\"sc-ksZaOG ehjQrN text-element\">Le texte d\u2019un nouveau projet de trait\u00e9 sur la pollution plastique, pr\u00e9sent\u00e9 mercredi en assembl\u00e9e pl\u00e9ni\u00e8re de l\u2019ONU \u00e0 Gen\u00e8ve, a \u00e9t\u00e9 imm\u00e9diatement rejet\u00e9 par plusieurs pays et vivement critiqu\u00e9 par les ONG, faute notamment de r\u00e9f\u00e9rence \u00e0 toute contrainte sur la production de plastique vierge.<\/p>\n<p class=\"sc-ksZaOG ehjQrN text-element\">Ce texte \u00e9crit par le diplomate qui pr\u00e9side les d\u00e9bats est \u00abinacceptable\u00bb, ont jug\u00e9 les d\u00e9l\u00e9gu\u00e9s de la Colombie, du Chili et du Panama, ainsi que de l\u2019Union europ\u00e9enne, tandis que l\u2019ONG Greenpeace estimait qu\u2019il est un \u00abcadeau \u00e0 l\u2019industrie p\u00e9trochimique et une trahison de l\u2019humanit\u00e9\u00bb. <a href=\"https:\/\/www.liberation.fr\/environnement\/pollution\/traite-mondial-contre-le-plastique-a-mi-parcours-des-negociations-on-nest-pas-plus-avances-20250810_V4ERDPRP4ZDETDKGJUWEJEJVZA\/\" target=\"_blank\" rel=\"noreferrer nofollow noopener\" title=\"https:\/\/www.liberation.fr\/environnement\/pollution\/traite-mondial-contre-le-plastique-a-mi-parcours-des-negociations-on-nest-pas-plus-avances-20250810_V4ERDPRP4ZDETDKGJUWEJEJVZA\/\">Notre interview<\/a><\/p>\n<p class=\"sc-ksZaOG ehjQrN text-element\">Depuis le 1er juillet, un nouveau d\u00e9cret renforce les obligations des entreprises en cas d\u2019exposition \u00e0 des chaleurs intenses. \u00abLib\u00e9\u00bb a suivi une visite inopin\u00e9e de l\u2019inspection du travail, men\u00e9e aupr\u00e8s d\u2019ouvriers du BTP en Sa\u00f4ne-et-Loire, d\u00e9partement plac\u00e9 en vigilance orange. <a href=\"https:\/\/www.liberation.fr\/societe\/bonjour-cest-pour-un-controle-visite-avec-une-inspectrice-du-travail-dun-chantier-en-pleine-canicule-20250813_YDC6W4NHDZHKJGQZUJZUQ7EKG4\/\" target=\"_blank\" rel=\"noreferrer nofollow noopener\" title=\"https:\/\/www.liberation.fr\/societe\/bonjour-cest-pour-un-controle-visite-avec-une-inspectrice-du-travail-dun-chantier-en-pleine-canicule-20250813_YDC6W4NHDZHKJGQZUJZUQ7EKG4\/\">Notre reportage<\/a><\/p>\n<p class=\"sc-ksZaOG ehjQrN text-element\">L\u2019urbanisation \u00e0 outrance, la d\u00e9gradation des \u00e9cosyst\u00e8mes et le manque de transmission interg\u00e9n\u00e9rationnelle concourent \u00e0 l\u2019effondrement de notre rapport au vivant, particuli\u00e8rement pr\u00e9gnant en Occident, selon une \u00e9tude publi\u00e9e fin juillet. <a href=\"https:\/\/www.liberation.fr\/environnement\/biodiversite\/la-connexion-des-humains-a-la-nature-aurait-chute-de-60-en-deux-siecles-20250813_7X2I7VBOQ5A65FIOBPTFCQSRCU\/\" target=\"_blank\" rel=\"noreferrer nofollow noopener\" title=\"https:\/\/www.liberation.fr\/environnement\/biodiversite\/la-connexion-des-humains-a-la-nature-aurait-chute-de-60-en-deux-siecles-20250813_7X2I7VBOQ5A65FIOBPTFCQSRCU\/\">Notre article<\/a><\/p>\n<p class=\"sc-ksZaOG ehjQrN text-element\">Depuis quelques ann\u00e9es dans la capitale, des guides proposent une offre bas\u00e9e sur la visibilisation des personnes noires, queers et f\u00e9ministes. Assumant de parler depuis leur point de vue singulier et avec un ton plus militant. <a href=\"https:\/\/www.liberation.fr\/lifestyle\/voyages\/un-paris-qui-ne-ressemble-pas-a-emily-in-paris-ni-a-amelie-poulain-dans-la-capitale-les-visites-guidees-se-politisent-20250813_IATZD2JQCJCZRPS4ZQPP2YJC6Y\/\" target=\"_blank\" rel=\"noreferrer nofollow noopener\" title=\"https:\/\/www.liberation.fr\/lifestyle\/voyages\/un-paris-qui-ne-ressemble-pas-a-emily-in-paris-ni-a-amelie-poulain-dans-la-capitale-les-visites-guidees-se-politisent-20250813_IATZD2JQCJCZRPS4ZQPP2YJC6Y\/\">Notre reportage<\/a><\/p>\n<p class=\"sc-ksZaOG ehjQrN text-element\">Le protagoniste du peintre italien du XVIe si\u00e8cle Arcimboldo est appel\u00e9 \u00e0 la rescousse pour tenter de sauver le dernier cerisier d\u2019une cit\u00e9 de Montreuil. <a href=\"https:\/\/www.liberation.fr\/portraits\/tetes-de-lart-vertumne-la-lutte-finale-20250813_6QCKCQKEHJE6PATVGZZGEEPL2A\/\" target=\"_blank\" rel=\"noreferrer nofollow noopener\" title=\"https:\/\/www.liberation.fr\/portraits\/tetes-de-lart-vertumne-la-lutte-finale-20250813_6QCKCQKEHJE6PATVGZZGEEPL2A\/\">Notre portrait<\/a><\/p>\n","protected":false},"excerpt":{"rendered":"Chaque soir, la r\u00e9daction de Lib\u00e9 s\u00e9lectionne les actualit\u00e9s du jour qu\u2019il ne fallait pas rater en France&hellip;\n","protected":false},"author":2,"featured_media":316899,"comment_status":"","ping_status":"","sticky":false,"template":"","format":"standard","meta":{"footnotes":""},"categories":[1586],"tags":[11,1777,674,1779,1011,27,12,4702,25,1778,364],"class_list":{"0":"post-316898","1":"post","2":"type-post","3":"status-publish","4":"format-standard","5":"has-post-thumbnail","7":"category-europe","8":"tag-actualites","9":"tag-eu","10":"tag-europe","11":"tag-european-union","12":"tag-fr","13":"tag-france","14":"tag-news","15":"tag-recap-actu","16":"tag-republique-francaise","17":"tag-ue","18":"tag-union-europeenne"},"share_on_mastodon":{"url":"https:\/\/pubeurope.com\/@fr\/115022962696168520","error":""},"_links":{"self":[{"href":"https:\/\/www.europesays.com\/fr\/wp-json\/wp\/v2\/posts\/316898","targetHints":{"allow":["GET"]}}],"collection":[{"href":"https:\/\/www.europesays.com\/fr\/wp-json\/wp\/v2\/posts"}],"about":[{"href":"https:\/\/www.europesays.com\/fr\/wp-json\/wp\/v2\/types\/post"}],"author":[{"embeddable":true,"href":"https:\/\/www.europesays.com\/fr\/wp-json\/wp\/v2\/users\/2"}],"replies":[{"embeddable":true,"href":"https:\/\/www.europesays.com\/fr\/wp-json\/wp\/v2\/comments?post=316898"}],"version-history":[{"count":0,"href":"https:\/\/www.europesays.com\/fr\/wp-json\/wp\/v2\/posts\/316898\/revisions"}],"wp:featuredmedia":[{"embeddable":true,"href":"https:\/\/www.europesays.com\/fr\/wp-json\/wp\/v2\/media\/316899"}],"wp:attachment":[{"href":"https:\/\/www.europesays.com\/fr\/wp-json\/wp\/v2\/media?parent=316898"}],"wp:term":[{"taxonomy":"category","embeddable":true,"href":"https:\/\/www.europesays.com\/fr\/wp-json\/wp\/v2\/categories?post=316898"},{"taxonomy":"post_tag","embeddable":true,"href":"https:\/\/www.europesays.com\/fr\/wp-json\/wp\/v2\/tags?post=316898"}],"curies":[{"name":"wp","href":"https:\/\/api.w.org\/{rel}","templated":true}]}}