{"id":316904,"date":"2025-08-13T18:53:15","date_gmt":"2025-08-13T18:53:15","guid":{"rendered":"https:\/\/www.europesays.com\/fr\/316904\/"},"modified":"2025-08-13T18:53:15","modified_gmt":"2025-08-13T18:53:15","slug":"des-decisions-toujours-plus-contestees","status":"publish","type":"post","link":"https:\/\/www.europesays.com\/fr\/316904\/","title":{"rendered":"des d\u00e9cisions toujours plus contest\u00e9es"},"content":{"rendered":"<p>Pr\u00e9server le patrimoine ? C\u2019est une mission d\u00e9volue aux architectes des b\u00e2timents de France (ABF). Tous les projets de r\u00e9novation de fa\u00e7ades, de toitures, de changements de portes ou de fen\u00eatres d\u2019un b\u00e2timent situ\u00e9 dans un rayon de 500 m\u00e8tres autour d\u2019un monument class\u00e9 ou inscrit doivent obtenir le feu vert de l\u2019ABF. En France, 31,7 % du b\u00e2ti est concern\u00e9. Dans certaines villes, la quasi-totalit\u00e9 du p\u00e9rim\u00e8tre urbain est en zone prot\u00e9g\u00e9e. C\u2019est le cas \u00e0 Nancy, l\u2019une des villes les plus pr\u00e9serv\u00e9es de France. 89 % du b\u00e2ti est situ\u00e9 dans un p\u00e9rim\u00e8tre de sauvegarde.<\/p>\n<p>Dans chaque d\u00e9partement, on compte au moins un ABF qui dispose d\u2019une \u00e9quipe pour instruire les dossiers.<\/p>\n<p>Chaque ann\u00e9e, en France, environ 530 000 demandes sont trait\u00e9es par cette instance plac\u00e9e sous la tutelle du minist\u00e8re de la Culture. Si cette d\u00e9marche fait plut\u00f4t consensus, en revanche les d\u00e9cisions lapidaires rendues par les architectes des b\u00e2timents de France sont souvent mal comprises, quand elles ne sont pas source de&#8230;<\/p>\n","protected":false},"excerpt":{"rendered":"Pr\u00e9server le patrimoine ? C\u2019est une mission d\u00e9volue aux architectes des b\u00e2timents de France (ABF). Tous les projets&hellip;\n","protected":false},"author":2,"featured_media":316905,"comment_status":"","ping_status":"","sticky":false,"template":"","format":"standard","meta":{"footnotes":""},"categories":[4],"tags":[11,4749,33,1704,1011,27,1908,3457,1702,1703,12,3456,25,104],"class_list":{"0":"post-316904","1":"post","2":"type-post","3":"status-publish","4":"format-standard","5":"has-post-thumbnail","7":"category-france","8":"tag-actualites","9":"tag-btp-et-chantiers","10":"tag-economie","11":"tag-edition-nancy-et-agglomeration","12":"tag-fr","13":"tag-france","14":"tag-logement","15":"tag-meurthe-et-moselle","16":"tag-nancy","17":"tag-nancy-ville-54b","18":"tag-news","19":"tag-region-lorraine","20":"tag-republique-francaise","21":"tag-societe"},"share_on_mastodon":{"url":"https:\/\/pubeurope.com\/@fr\/115022974524343372","error":""},"_links":{"self":[{"href":"https:\/\/www.europesays.com\/fr\/wp-json\/wp\/v2\/posts\/316904","targetHints":{"allow":["GET"]}}],"collection":[{"href":"https:\/\/www.europesays.com\/fr\/wp-json\/wp\/v2\/posts"}],"about":[{"href":"https:\/\/www.europesays.com\/fr\/wp-json\/wp\/v2\/types\/post"}],"author":[{"embeddable":true,"href":"https:\/\/www.europesays.com\/fr\/wp-json\/wp\/v2\/users\/2"}],"replies":[{"embeddable":true,"href":"https:\/\/www.europesays.com\/fr\/wp-json\/wp\/v2\/comments?post=316904"}],"version-history":[{"count":0,"href":"https:\/\/www.europesays.com\/fr\/wp-json\/wp\/v2\/posts\/316904\/revisions"}],"wp:featuredmedia":[{"embeddable":true,"href":"https:\/\/www.europesays.com\/fr\/wp-json\/wp\/v2\/media\/316905"}],"wp:attachment":[{"href":"https:\/\/www.europesays.com\/fr\/wp-json\/wp\/v2\/media?parent=316904"}],"wp:term":[{"taxonomy":"category","embeddable":true,"href":"https:\/\/www.europesays.com\/fr\/wp-json\/wp\/v2\/categories?post=316904"},{"taxonomy":"post_tag","embeddable":true,"href":"https:\/\/www.europesays.com\/fr\/wp-json\/wp\/v2\/tags?post=316904"}],"curies":[{"name":"wp","href":"https:\/\/api.w.org\/{rel}","templated":true}]}}