{"id":316906,"date":"2025-08-13T18:54:14","date_gmt":"2025-08-13T18:54:14","guid":{"rendered":"https:\/\/www.europesays.com\/fr\/316906\/"},"modified":"2025-08-13T18:54:14","modified_gmt":"2025-08-13T18:54:14","slug":"rory-mcilroy-pourrait-il-devenir-capitaine-joueur-de-ryder-cup","status":"publish","type":"post","link":"https:\/\/www.europesays.com\/fr\/316906\/","title":{"rendered":"Rory McIlroy pourrait-il devenir capitaine-joueur de Ryder Cup ?"},"content":{"rendered":"<p>\t\t\t\t\t\t<img width=\"770\" height=\"556\" src=\"https:\/\/www.europesays.com\/fr\/wp-content\/uploads\/2025\/08\/roryconf-770x556.jpg\" class=\"img-responsive wp-post-image\" alt=\"\" decoding=\"async\" fetchpriority=\"high\"  \/>\t\t\t\t\t<\/p>\n<p>\t\t\t\t\t\t Partager cet article <\/p>\n<p class=\"screen-reader-text juiz_sps_maybe_hidden_text\">Partager la publication \u00ab\u00a0Rory McIlroy pourrait-il devenir capitaine-joueur de Ryder Cup ?\u00a0\u00bb<\/p>\n<p><strong>Alors que tout le monde du golf se demande si Keegan Bradley va devenir le premier capitaine-joueur en Ryder Cup depuis Arnold Palmer en 1963, Rory McIlroy, lui, a \u00e9cart\u00e9 cette \u00e9ventualit\u00e9 dans un avenir proche. Et il explique pourquoi.<\/strong><\/p>\n<p>\t\t\t\t\t<a id=\"181452\" href=\"https:\/\/www.fourseasonsmegevecollectionproam.com\/\" target=\"_blank\" rel=\"sponsorised nofollow noopener\"><img decoding=\"async\" src=\"data:image\/svg+xml,%3Csvg%20xmlns=\" http:=\"\" class=\"img-responsive\" alt=\"\" data-lazy-src=\"https:\/\/www.europesays.com\/fr\/wp-content\/uploads\/2025\/08\/swing-e05-proam-megeve25-1170x275-1.gif\"\/><\/a><\/p>\n<p>Absent \u00e0 Memphis la semaine pass\u00e9e pour le premier des trois volets des <strong>Playoffs de la FedEx Cup<\/strong>, <strong>Rory McIlroy<\/strong> est bien pr\u00e9sent cette fois pour le <strong>BMW Championship<\/strong>, \u00e0 <strong>Caves Valley<\/strong>, dans le Maryland. Invit\u00e9 en conf\u00e9rence de presse d\u2019avant tournoi (20 millions de dollars de dotation), le Nord-Irlandais a \u00e9t\u00e9 interrog\u00e9 sur la <strong>45e Ryder Cup<\/strong> de l\u2019histoire programm\u00e9e du 26 au 28 septembre \u00e0 <strong>Bethpage Black<\/strong> (New York).<\/p>\n<p>Pourrait-il un jour assurer le r\u00f4le de capitaine-joueur comme il en est question au sujet de <strong>Keegan Bradley<\/strong>, le capitaine de l\u2019\u00e9quipe am\u00e9ricaine\u00a0?<\/p>\n<blockquote><p>\nL\u2019id\u00e9e de devenir capitaine-joueur prochainement a \u00e9t\u00e9 \u00e9voqu\u00e9e, et j\u2019ai tout de suite refus\u00e9. Pourquoi\u00a0? Parce que je ne pense pas que je puisse le faire.<\/p>\n<p>Rory McIlroy<\/p>\n<\/blockquote>\n<p>\u00ab\u00a0On me l\u2019a propos\u00e9 mais j\u2019ai refus\u00e9, souligne sans ambigu\u00eft\u00e9 l\u2019actuel n\u00b02 mondial. L\u2019id\u00e9e de devenir capitaine-joueur prochainement a \u00e9t\u00e9 \u00e9voqu\u00e9e, et j\u2019ai tout de suite refus\u00e9. Pourquoi\u00a0? Parce que je ne pense pas que je puisse le faire.\u00a0\u00bb<\/p>\n<p>\u00ab Je pense ici \u00e0 tous les engagements inh\u00e9rents \u00e0 un capitaine, ajoute-t-il. Les sollicitations avec les m\u00e9dias, les r\u00e9unions suppl\u00e9mentaires avec les vice-capitaines, avec la <strong>PGA of America<\/strong>, dans le cas de Keegan (Bradley), \u00e0 la pr\u00e9paration de votre discours pour la c\u00e9r\u00e9monie d\u2019ouverture. Il y a beaucoup de choses que les gens ne voient pas et que le capitaine fait la semaine de la Ryder Cup, surtout maintenant que la Ryder Cup est devenue si importante.\u00a0\u00bb<\/p>\n<blockquote><p>\nJ\u2019aurais dit oui, c\u2019\u00e9tait probablement possible \u00e0 faire, mais vu l\u2019ampleur du spectacle et tout ce qui est en jeu dans une Ryder Cup aujourd\u2019hui, je pense que ce serait une position tr\u00e8s difficile \u00e0 occuper.<\/p>\n<p>Rory McIlroy<\/p>\n<\/blockquote>\n<p>Pourtant, si on lui avait pos\u00e9 la question il y a 20 ans, sa r\u00e9ponse aurait \u00e9t\u00e9 diff\u00e9rente. Jouant comme d\u2019habitude cartes sur table, Rory McIlroy avance avec ses arguments, tout en confirmant qu\u2019il n\u2019a pas \u00e9t\u00e9 sollicit\u00e9 pour devenir un futur capitaine de l\u2019\u00e9quipe europ\u00e9enne de Ryder Cup.<\/p>\n<p>\u00ab J\u2019aurais dit oui, c\u2019\u00e9tait probablement possible \u00e0 faire, mais vu l\u2019ampleur du spectacle et tout ce qui est en jeu dans une Ryder Cup aujourd\u2019hui, je pense que ce serait une position tr\u00e8s difficile \u00e0 occuper, pr\u00e9cise-t-il. Le capitaine ne sera pas sur le parcours toute la journ\u00e9e, donc en r\u00e9alit\u00e9, le capitaine ne pourra jouer qu\u2019une seule s\u00e9ance le vendredi et une seule s\u00e9ance le samedi. Pr\u00e9f\u00e9reriez-vous ne pas avoir un joueur capable de jouer deux fois s\u2019il joue bien ? Il y a beaucoup de facteurs qui entrent en jeu. Ce n\u2019est que mon avis, mais je pense que ce serait tr\u00e8s difficile \u00e0 r\u00e9aliser. \u00bb<\/p>\n<p><a href=\"https:\/\/www.rydercup.com\/eu-rankings\" target=\"_blank\" rel=\"noopener nofollow\">D\u00e9j\u00e0 qualifi\u00e9 via l\u2019European Ranking<\/a>, <a href=\"https:\/\/www.golfplanete.com\/actualites\/deux-nouveaux-qualifies-dans-chaque-equipe-pour-bethpage\/\" target=\"_blank\" rel=\"noopener nofollow\">tout comme les Anglais Justin Rose et Tommy Fleetwood<\/a>, le vainqueur du <strong>Masters 2025<\/strong> va participer \u00e0 sa 8e Ryder Cup. Cinq fois il en est ressorti victorieux : 2010, 12, 14, 18 et 23.<\/p>\n<p>\t\t\t\t\t<a id=\"174987\" href=\"https:\/\/www.sudfrancegolf.com\/fr\/\" target=\"_blank\" rel=\"sponsorised nofollow noopener\"><img decoding=\"async\" src=\"data:image\/svg+xml,%3Csvg%20xmlns=\" http:=\"\" class=\"img-responsive\" alt=\"\" data-lazy-src=\"https:\/\/www.europesays.com\/fr\/wp-content\/uploads\/2025\/06\/giesudfrancegolf-e02-egolf-pass-2025-v2-1170x275-1.gif\"\/><\/a><\/p>\n<p>Photo : Paul ELLIS \/ AFP<\/p>\n","protected":false},"excerpt":{"rendered":"Partager cet article Partager la publication \u00ab\u00a0Rory McIlroy pourrait-il devenir capitaine-joueur de Ryder Cup ?\u00a0\u00bb Alors que tout&hellip;\n","protected":false},"author":2,"featured_media":316907,"comment_status":"","ping_status":"","sticky":false,"template":"","format":"standard","meta":{"footnotes":""},"categories":[1418],"tags":[1011,27,1472,60],"class_list":{"0":"post-316906","1":"post","2":"type-post","3":"status-publish","4":"format-standard","5":"has-post-thumbnail","7":"category-golf","8":"tag-fr","9":"tag-france","10":"tag-golf","11":"tag-sports"},"share_on_mastodon":{"url":"https:\/\/pubeurope.com\/@fr\/115022978284172899","error":""},"_links":{"self":[{"href":"https:\/\/www.europesays.com\/fr\/wp-json\/wp\/v2\/posts\/316906","targetHints":{"allow":["GET"]}}],"collection":[{"href":"https:\/\/www.europesays.com\/fr\/wp-json\/wp\/v2\/posts"}],"about":[{"href":"https:\/\/www.europesays.com\/fr\/wp-json\/wp\/v2\/types\/post"}],"author":[{"embeddable":true,"href":"https:\/\/www.europesays.com\/fr\/wp-json\/wp\/v2\/users\/2"}],"replies":[{"embeddable":true,"href":"https:\/\/www.europesays.com\/fr\/wp-json\/wp\/v2\/comments?post=316906"}],"version-history":[{"count":0,"href":"https:\/\/www.europesays.com\/fr\/wp-json\/wp\/v2\/posts\/316906\/revisions"}],"wp:featuredmedia":[{"embeddable":true,"href":"https:\/\/www.europesays.com\/fr\/wp-json\/wp\/v2\/media\/316907"}],"wp:attachment":[{"href":"https:\/\/www.europesays.com\/fr\/wp-json\/wp\/v2\/media?parent=316906"}],"wp:term":[{"taxonomy":"category","embeddable":true,"href":"https:\/\/www.europesays.com\/fr\/wp-json\/wp\/v2\/categories?post=316906"},{"taxonomy":"post_tag","embeddable":true,"href":"https:\/\/www.europesays.com\/fr\/wp-json\/wp\/v2\/tags?post=316906"}],"curies":[{"name":"wp","href":"https:\/\/api.w.org\/{rel}","templated":true}]}}