{"id":316908,"date":"2025-08-13T18:56:10","date_gmt":"2025-08-13T18:56:10","guid":{"rendered":"https:\/\/www.europesays.com\/fr\/316908\/"},"modified":"2025-08-13T18:56:10","modified_gmt":"2025-08-13T18:56:10","slug":"video-insolite-les-all-blacks-se-font-bien-voir-en-argentine","status":"publish","type":"post","link":"https:\/\/www.europesays.com\/fr\/316908\/","title":{"rendered":"Vid\u00e9o. Insolite &#8211; Les All Blacks se font bien voir en Argentine"},"content":{"rendered":"<p>\n                Dans une vid\u00e9o post\u00e9e sur les r\u00e9seaux sociaux, Beauden et Jordie Barrett accompagn\u00e9s de Damian McKenzie viennent en aide \u00e0 un automobiliste avec une voiture bloqu\u00e9e sur du mobilier urbain dans les rues de Buenos Aires.\n            <\/p>\n<p>En d\u00e9placement en Argentine pour leurs deux premiers matchs du Rugby Championship face\u00a0aux Pumas, les N\u00e9o-Z\u00e9landais s\u2019acclimatent de plus en plus \u00e0 l\u2019Am\u00e9rique du Sud. Apr\u00e8s avoir profit\u00e9 de l\u2019ambiance dans les tribunes des\u00a0<a href=\"https:\/\/www.rugbyrama.fr\/2025\/08\/11\/video-insolite-quand-les-all-blacks-sambiancent-dans-les-tribunes-de-boca-juniors-argentine-12870420.php\" target=\"_self\" rel=\"nofollow noopener\">Boca Juniors<\/a>, c\u2019est dans les rues de la capitale argentine que les joueurs ont pu d\u00e9ambuler. L\u2019occasion pour les fr\u00e8res Barrett, Jordie et Beauden, ainsi que Damian McKenzie d\u2019aider un automobiliste bloqu\u00e9 \u00e0 se d\u00e9faire d\u2019un obstacle urbain.\u00a0Une vid\u00e9o qui a vite fait le tour des r\u00e9seaux sociaux.<\/p>\n<blockquote data-instgrm-captioned=\"\" data-instgrm-permalink=\"https:\/\/www.instagram.com\/reel\/DNR9K_Az7Fc\/?utm_source=ig_embed&amp;utm_campaign=loading\" data-instgrm-version=\"14\" style=\" background:#FFF; border:0; border-radius:3px; box-shadow:0 0 1px 0 rgba(0,0,0,0.5),0 1px 10px 0 rgba(0,0,0,0.15); margin: 1px; max-width:540px; min-width:326px; padding:0; width:99.375%; width:-webkit-calc(100% - 2px); width:calc(100% - 2px);\" data-class=\"instagram-media\"\/>\n<p>Entre fans impressionn\u00e9s qu\u2019ils aient r\u00e9ussi \u00e0 soulever la voiture, et personnes perplexes sur le fait qu\u2019il ait fallu trois joueurs pour le faire, les r\u00e9actions sont mitig\u00e9es mais les All Blacks ont s\u00fbrement fait des heureux avec cette bonne action.<\/p>\n<p>                    <script async src=\"\/\/www.instagram.com\/embed.js\"><\/script><\/p>\n","protected":false},"excerpt":{"rendered":"Dans une vid\u00e9o post\u00e9e sur les r\u00e9seaux sociaux, Beauden et Jordie Barrett accompagn\u00e9s de Damian McKenzie viennent en&hellip;\n","protected":false},"author":2,"featured_media":316909,"comment_status":"","ping_status":"","sticky":false,"template":"","format":"standard","meta":{"footnotes":""},"categories":[1416],"tags":[1011,27,479,1468,60],"class_list":{"0":"post-316908","1":"post","2":"type-post","3":"status-publish","4":"format-standard","5":"has-post-thumbnail","7":"category-rugby","8":"tag-fr","9":"tag-france","10":"tag-rugby","11":"tag-rugby-football","12":"tag-sports"},"share_on_mastodon":{"url":"https:\/\/pubeurope.com\/@fr\/115022986240757014","error":""},"_links":{"self":[{"href":"https:\/\/www.europesays.com\/fr\/wp-json\/wp\/v2\/posts\/316908","targetHints":{"allow":["GET"]}}],"collection":[{"href":"https:\/\/www.europesays.com\/fr\/wp-json\/wp\/v2\/posts"}],"about":[{"href":"https:\/\/www.europesays.com\/fr\/wp-json\/wp\/v2\/types\/post"}],"author":[{"embeddable":true,"href":"https:\/\/www.europesays.com\/fr\/wp-json\/wp\/v2\/users\/2"}],"replies":[{"embeddable":true,"href":"https:\/\/www.europesays.com\/fr\/wp-json\/wp\/v2\/comments?post=316908"}],"version-history":[{"count":0,"href":"https:\/\/www.europesays.com\/fr\/wp-json\/wp\/v2\/posts\/316908\/revisions"}],"wp:featuredmedia":[{"embeddable":true,"href":"https:\/\/www.europesays.com\/fr\/wp-json\/wp\/v2\/media\/316909"}],"wp:attachment":[{"href":"https:\/\/www.europesays.com\/fr\/wp-json\/wp\/v2\/media?parent=316908"}],"wp:term":[{"taxonomy":"category","embeddable":true,"href":"https:\/\/www.europesays.com\/fr\/wp-json\/wp\/v2\/categories?post=316908"},{"taxonomy":"post_tag","embeddable":true,"href":"https:\/\/www.europesays.com\/fr\/wp-json\/wp\/v2\/tags?post=316908"}],"curies":[{"name":"wp","href":"https:\/\/api.w.org\/{rel}","templated":true}]}}