{"id":316911,"date":"2025-08-13T18:59:09","date_gmt":"2025-08-13T18:59:09","guid":{"rendered":"https:\/\/www.europesays.com\/fr\/316911\/"},"modified":"2025-08-13T18:59:09","modified_gmt":"2025-08-13T18:59:09","slug":"moto2-coup-dur-pour-red-bull-ktm-ajo-deniz-oncu-forfait-pour-au-moins-deux-grands-prix-apres-une-lourde-chute-a-lentrainement","status":"publish","type":"post","link":"https:\/\/www.europesays.com\/fr\/316911\/","title":{"rendered":"Moto2, coup dur pour Red Bull KTM Ajo : Deniz \u00d6nc\u00fc forfait pour au moins deux Grands Prix apr\u00e8s une lourde chute \u00e0 l\u2019entra\u00eenement"},"content":{"rendered":"<p><img loading=\"lazy\" decoding=\"async\" src=\"https:\/\/www.europesays.com\/fr\/wp-content\/uploads\/2025\/08\/deniz-3.jpg\" alt=\"Deniz \u00d6nc\u00fc\" class=\"\" width=\"1080\" height=\"675\"\/><\/p>\n<p><strong>Sale reprise pour l\u2019\u00e9curie Red Bull KTM Ajo. Deniz \u00d6nc\u00fc<br \/>\nmanquera au minimum les deux prochains rendez-vous : la manche \u201c\u00e0<br \/>\nla maison\u201d au Red Bull Ring de Spielberg, puis la grande premi\u00e8re<br \/>\ndu Championnat du monde sur le circuit de Balaton en Hongrie,<br \/>\nprogramm\u00e9e une semaine plus tard.<\/strong><\/p>\n<p>Victime d\u2019un grave accident \u00e0 l\u2019entra\u00eenement en <a href=\"https:\/\/www.paddock-gp.com\/motogp-toprak-razgatlioglu-se-confie-sur-son-futur-en-grand-prix-et-son-nouveau-defi\/\" rel=\"nofollow noopener\" target=\"_blank\"><br \/>\n<strong>Turquie<\/strong><\/a>, le sixi\u00e8me du classement g\u00e9n\u00e9ral<br \/>\nsouffre de <strong>multiples fractures et de d\u00e9chirures de tendons<br \/>\nde la jambe gauche<\/strong>. Op\u00e9r\u00e9 par le Dr Ozcan Kocanli, le<br \/>\npilote a pass\u00e9 avec succ\u00e8s l\u2019\u00e9tape chirurgicale. Son fr\u00e8re jumeau,<br \/>\n<strong>Can \u00d6nc\u00fc<\/strong> (Supersport), a donn\u00e9 des nouvelles<br \/>\nrassurantes depuis l\u2019h\u00f4pital : \u00ab <strong>l\u2019op\u00e9ration s\u2019est<br \/>\nd\u00e9roul\u00e9e sans complications<\/strong>. \u00bb Priorit\u00e9 absolue<br \/>\nd\u00e9sormais : repos et r\u00e9cup\u00e9ration.<\/p>\n<p><img loading=\"lazy\" decoding=\"async\" class=\"aligncenter size-full wp-image-1317941\" src=\"https:\/\/www.europesays.com\/fr\/wp-content\/uploads\/2025\/08\/deniz-1.jpg\" alt=\"Deniz \u00d6nc\u00fc\" width=\"900\" height=\"739\"  \/><\/p>\n<p><strong>Blessures graves mais<br \/>\npronostic rassurant pour Deniz \u00d6nc\u00fc et une absence qui tombe au<br \/>\npire moment<\/strong><\/p>\n<p>Le timing est cruel. Fin de tr\u00eave estivale, calendrier serr\u00e9 \u2014<br \/>\nquatre week-ends de Grand Prix en cinq semaines \u2014, et<br \/>\n<strong>\u00d6nc\u00fc<\/strong> sortait d\u2019une mont\u00e9e en puissance \u00e9clatante<br \/>\npour sa deuxi\u00e8me saison <a href=\"https:\/\/www.motogp.com\/en\" rel=\"nofollow noopener\" target=\"_blank\">Moto2<\/a>, ponctu\u00e9e par des victoires \u00e0<br \/>\n<strong>Aragon<\/strong> et au <strong>Sachsenring<\/strong>. Forfait<br \/>\nsur au moins deux manches, le Turc paiera cash au championnat.<\/p>\n<p>L\u2019avenir s\u2019invite aussi dans l\u2019\u00e9quation. Son contrat de deux ans<br \/>\navec <strong>Red Bull KTM Ajo<\/strong> s\u2019ach\u00e8ve fin 2025,<br \/>\ncontrairement \u00e0 celui de <strong>Collin Veijer<\/strong>, prolong\u00e9.<br \/>\nEn interne, les regards se tournent d\u00e9j\u00e0 vers le leader Moto3<br \/>\n<a href=\"https:\/\/www.paddock-gp.com\/moto3-brno-course-jose-antonio-rueda-fait-encore-une-masterclass-mais-ou-va-t-il-sarreter\/\" rel=\"nofollow noopener\" target=\"_blank\"><br \/>\n<strong>Jos\u00e9 Antonio Rueda<\/strong><\/a>, pressenti comme la<br \/>\nprochaine cartouche du programme. De quoi alimenter les<br \/>\nsp\u00e9culations tandis que les fans turcs, eux, restent confiants et<br \/>\nplaident pour un rebond express\u2026 voire, si n\u00e9cessaire, pour une<br \/>\nplace dans une autre top team afin de pr\u00e9server son ascension.<\/p>\n<p>En attendant, \u00d6nc\u00fc enclenche le mode reconstruction. Objectif :<br \/>\nrevenir vite \u2014 et fort.<\/p>\n<p><img loading=\"lazy\" decoding=\"async\" class=\"aligncenter size-full wp-image-1317938\" src=\"https:\/\/www.europesays.com\/fr\/wp-content\/uploads\/2025\/08\/Deniz-Oncu-e1755087062909.jpg\" alt=\"Deniz Oncu\" width=\"800\" height=\"533\"\/><\/p>\n","protected":false},"excerpt":{"rendered":"Sale reprise pour l\u2019\u00e9curie Red Bull KTM Ajo. Deniz \u00d6nc\u00fc manquera au minimum les deux prochains rendez-vous :&hellip;\n","protected":false},"author":2,"featured_media":316912,"comment_status":"","ping_status":"","sticky":false,"template":"","format":"standard","meta":{"footnotes":""},"categories":[1413],"tags":[1011,27,1457,1456,60],"class_list":{"0":"post-316911","1":"post","2":"type-post","3":"status-publish","4":"format-standard","5":"has-post-thumbnail","7":"category-moto","8":"tag-fr","9":"tag-france","10":"tag-moto","11":"tag-motocycle","12":"tag-sports"},"share_on_mastodon":{"url":"https:\/\/pubeurope.com\/@fr\/115022998356744706","error":""},"_links":{"self":[{"href":"https:\/\/www.europesays.com\/fr\/wp-json\/wp\/v2\/posts\/316911","targetHints":{"allow":["GET"]}}],"collection":[{"href":"https:\/\/www.europesays.com\/fr\/wp-json\/wp\/v2\/posts"}],"about":[{"href":"https:\/\/www.europesays.com\/fr\/wp-json\/wp\/v2\/types\/post"}],"author":[{"embeddable":true,"href":"https:\/\/www.europesays.com\/fr\/wp-json\/wp\/v2\/users\/2"}],"replies":[{"embeddable":true,"href":"https:\/\/www.europesays.com\/fr\/wp-json\/wp\/v2\/comments?post=316911"}],"version-history":[{"count":0,"href":"https:\/\/www.europesays.com\/fr\/wp-json\/wp\/v2\/posts\/316911\/revisions"}],"wp:featuredmedia":[{"embeddable":true,"href":"https:\/\/www.europesays.com\/fr\/wp-json\/wp\/v2\/media\/316912"}],"wp:attachment":[{"href":"https:\/\/www.europesays.com\/fr\/wp-json\/wp\/v2\/media?parent=316911"}],"wp:term":[{"taxonomy":"category","embeddable":true,"href":"https:\/\/www.europesays.com\/fr\/wp-json\/wp\/v2\/categories?post=316911"},{"taxonomy":"post_tag","embeddable":true,"href":"https:\/\/www.europesays.com\/fr\/wp-json\/wp\/v2\/tags?post=316911"}],"curies":[{"name":"wp","href":"https:\/\/api.w.org\/{rel}","templated":true}]}}