{"id":316913,"date":"2025-08-13T19:00:29","date_gmt":"2025-08-13T19:00:29","guid":{"rendered":"https:\/\/www.europesays.com\/fr\/316913\/"},"modified":"2025-08-13T19:00:29","modified_gmt":"2025-08-13T19:00:29","slug":"chloe-stroll-bloom-in-the-break-la-soeur-du-pilote-de-formule-1-lance-stroll-lance-un-premier-album","status":"publish","type":"post","link":"https:\/\/www.europesays.com\/fr\/316913\/","title":{"rendered":"Chloe Stroll | \u00abBloom in the Break\u00bb: la s\u0153ur du pilote de Formule 1 Lance Stroll lance un premier album"},"content":{"rendered":"<p><strong>Un autre membre de la famille Stroll se retrouvera bient\u00f4t sous les feux des projecteurs: apr\u00e8s Lance le pilote de Formule 1, place \u00e0 Chloe l\u2019autrice-compositrice-interpr\u00e8te.<\/strong><\/p>\n<p>L\u2019a\u00een\u00e9e de la famille a annonc\u00e9, mercredi, la sortie de son premier album, Bloom in the Break, le 12 septembre.<\/p>\n<p>\u00c2g\u00e9e de 30 ans, Chloe Stroll s\u2019est d\u2019abord fait conna\u00eetre dans le milieu des affaires, comme son p\u00e8re Lawrence, et de la mode.<\/p>\n<p>En 2023 et 2024, celle qui se dit influenc\u00e9e par Lana Del Rey, Billie Eilish et Whitney Houston a fait para\u00eetre quelques chansons, dont Pedestal, qu\u2019elle a \u00e9t\u00e9 invit\u00e9e \u00e0 chanter au Kelly Clarkson Show.<\/p>\n<p>D\u00e9j\u00e0 cinq chansons de Bloom in the Break sont disponibles, dont la plus r\u00e9cente, I Stood My Ground, sortie le 1er ao\u00fbt.<\/p>\n","protected":false},"excerpt":{"rendered":"Un autre membre de la famille Stroll se retrouvera bient\u00f4t sous les feux des projecteurs: apr\u00e8s Lance le&hellip;\n","protected":false},"author":2,"featured_media":316914,"comment_status":"","ping_status":"","sticky":false,"template":"","format":"standard","meta":{"footnotes":""},"categories":[1412],"tags":[1451,1452,1453,1454,1455,1011,27,60],"class_list":{"0":"post-316913","1":"post","2":"type-post","3":"status-publish","4":"format-standard","5":"has-post-thumbnail","7":"category-f1","8":"tag-f1","9":"tag-formula-1","10":"tag-formula1","11":"tag-formule-1","12":"tag-formule1","13":"tag-fr","14":"tag-france","15":"tag-sports"},"share_on_mastodon":{"url":"https:\/\/pubeurope.com\/@fr\/115023001956981261","error":""},"_links":{"self":[{"href":"https:\/\/www.europesays.com\/fr\/wp-json\/wp\/v2\/posts\/316913","targetHints":{"allow":["GET"]}}],"collection":[{"href":"https:\/\/www.europesays.com\/fr\/wp-json\/wp\/v2\/posts"}],"about":[{"href":"https:\/\/www.europesays.com\/fr\/wp-json\/wp\/v2\/types\/post"}],"author":[{"embeddable":true,"href":"https:\/\/www.europesays.com\/fr\/wp-json\/wp\/v2\/users\/2"}],"replies":[{"embeddable":true,"href":"https:\/\/www.europesays.com\/fr\/wp-json\/wp\/v2\/comments?post=316913"}],"version-history":[{"count":0,"href":"https:\/\/www.europesays.com\/fr\/wp-json\/wp\/v2\/posts\/316913\/revisions"}],"wp:featuredmedia":[{"embeddable":true,"href":"https:\/\/www.europesays.com\/fr\/wp-json\/wp\/v2\/media\/316914"}],"wp:attachment":[{"href":"https:\/\/www.europesays.com\/fr\/wp-json\/wp\/v2\/media?parent=316913"}],"wp:term":[{"taxonomy":"category","embeddable":true,"href":"https:\/\/www.europesays.com\/fr\/wp-json\/wp\/v2\/categories?post=316913"},{"taxonomy":"post_tag","embeddable":true,"href":"https:\/\/www.europesays.com\/fr\/wp-json\/wp\/v2\/tags?post=316913"}],"curies":[{"name":"wp","href":"https:\/\/api.w.org\/{rel}","templated":true}]}}