{"id":316915,"date":"2025-08-13T19:01:22","date_gmt":"2025-08-13T19:01:22","guid":{"rendered":"https:\/\/www.europesays.com\/fr\/316915\/"},"modified":"2025-08-13T19:01:22","modified_gmt":"2025-08-13T19:01:22","slug":"nous-sommes-partis-a-3-et-arrives-a-3-un-trio-de-cousins-vainqueurs-du-66e-grand-prix-cycliste-de-biran","status":"publish","type":"post","link":"https:\/\/www.europesays.com\/fr\/316915\/","title":{"rendered":"\u00ab\u00a0Nous sommes partis \u00e0 3 et arriv\u00e9s \u00e0 3\u00a0\u00bb\u00a0: un trio de cousins vainqueurs du 66e grand prix cycliste de Biran"},"content":{"rendered":"<p>\n                                                                    l&rsquo;essentiel<br \/>\n                                                                4 jours de f\u00eate et un podium 100\u00a0% familial\u00a0: le 66e grand prix cycliste de Biran a offert spectacle, convivialit\u00e9 et performances sportives.\n                            <\/p>\n<p>Le village de <a href=\"https:\/\/biran-commune.fr\" target=\"_self\" rel=\"nofollow noopener\">Biran<\/a> a v\u00e9cu quatre jours d\u2019animations autour de son 66e grand prix cycliste, ponctu\u00e9s de repas festifs et de spectacles, gr\u00e2ce \u00e0 l\u2019implication de ses nombreux b\u00e9n\u00e9voles. Le comit\u00e9 des f\u00eates, pr\u00e9sid\u00e9 par Francine Martinez, de l\u2019association Les Crocos de Biran, avait concoct\u00e9 un programme riche et vari\u00e9. \u00ab\u00a0Cette ann\u00e9e encore, le d\u00e9part du 66e grand prix cycliste a connu un vif succ\u00e8s\u00a0\u00bb, se f\u00e9licitait-on du c\u00f4t\u00e9 de l\u2019organisation.<\/p>\n<p>Dimanche 3\u00a0ao\u00fbt, la journ\u00e9e a commenc\u00e9 par une randonn\u00e9e p\u00e9destre de 8\u00a0km, organis\u00e9e par le Rando-Club C\u0153ur de Gascogne, qui a r\u00e9uni 22 marcheurs motiv\u00e9s. Puis, \u00e0 16\u00a0heures, le coup d\u2019envoi du grand prix a \u00e9t\u00e9 donn\u00e9.<\/p>\n<p>Patrick Math\u00e9ou, pr\u00e9sident de l\u2019<a href=\"https:\/\/www.facebook.com\/UVAGG\/?locale=fr_FR\" target=\"_self\" rel=\"nofollow noopener\">Union v\u00e9locip\u00e9dique Auch Gers Gascogne<\/a> (UVA), co-organisateur de l\u2019\u00e9v\u00e9nement avec le comit\u00e9 des f\u00eates, expliquait\u00a0: \u00ab\u00a0La course rassemble chaque ann\u00e9e des coureurs venus d\u2019Occitanie et de Nouvelle-Aquitaine. Elle est r\u00e9put\u00e9e pour la difficult\u00e9 de son circuit, marqu\u00e9 par une c\u00f4te particuli\u00e8rement raide\u00a0\u00bb.<\/p>\n<p>Le parcours, long de 1,35\u00a0km autour de la commune, a \u00e9t\u00e9 parcouru 20 fois par les cadets (soit 27\u00a0km) et 45 fois par les adultes (soit 60,75\u00a0km).<\/p>\n<p>Une histoire de famille<\/p>\n<p>Comme chaque ann\u00e9e, Patrick Delign\u00e8res, maire de Biran, et Bernard Ksaz, vice-pr\u00e9sident du conseil d\u00e9partemental du Gers, \u00e9taient pr\u00e9sents. Ce dernier a rappel\u00e9\u00a0: \u00ab\u00a0Cette course est unique dans le d\u00e9partement et il faut \u00e0 tout prix la maintenir. Nous la soutenons financi\u00e8rement\u00a0\u00bb.<\/p>\n<p>Le podium de cette \u00e9dition est aussi une belle histoire de famille\u00a0: les trois premiers coureurs sont cousins. Le vainqueur, Alban Picard (r\u00e9sidant \u00e0 Marmande), appartient \u00e0 l\u2019\u00e9quipe Groupama de Besan\u00e7on. Son fr\u00e8re, Paul Picard, membre du Groupe Occitan, est arriv\u00e9 2e. Enfin, leur cousin Loucas de Vincenzi, \u00e9galement du Groupe Occitan, compl\u00e8te le trio de t\u00eate. Tous trois sont li\u00e9s par leurs grands-m\u00e8res, qui sont s\u0153urs.<\/p>\n<p>Ils avaient un objectif clair\u00a0: partir ensemble, rouler ensemble, finir ensemble. Mission accomplie, comme le raconte Loucas\u00a0: \u00ab\u00a0Notre but \u00e9tait de d\u00e9marrer devant et de se retrouver. Alban est parti en t\u00eate, Paul l\u2019a rejoint, puis, deux tours plus tard, je suis revenu sur eux. Nous sommes partis \u00e0 3 et arriv\u00e9s \u00e0 3. A priori, personne ne pouvait nous rattraper\u00a0\u00bb. Le trio a jug\u00e9 la course \u00ab\u00a0facile\u00a0\u00bb et envisage d\u00e9sormais une carri\u00e8re professionnelle dans le cyclisme.<\/p>\n","protected":false},"excerpt":{"rendered":"l&rsquo;essentiel 4 jours de f\u00eate et un podium 100\u00a0% familial\u00a0: le 66e grand prix cycliste de Biran a&hellip;\n","protected":false},"author":2,"featured_media":316916,"comment_status":"","ping_status":"","sticky":false,"template":"","format":"standard","meta":{"footnotes":""},"categories":[1411],"tags":[1154,207,1011,27,60],"class_list":{"0":"post-316915","1":"post","2":"type-post","3":"status-publish","4":"format-standard","5":"has-post-thumbnail","7":"category-cyclisme","8":"tag-cycling","9":"tag-cyclisme","10":"tag-fr","11":"tag-france","12":"tag-sports"},"share_on_mastodon":{"url":"https:\/\/pubeurope.com\/@fr\/115023005885957676","error":""},"_links":{"self":[{"href":"https:\/\/www.europesays.com\/fr\/wp-json\/wp\/v2\/posts\/316915","targetHints":{"allow":["GET"]}}],"collection":[{"href":"https:\/\/www.europesays.com\/fr\/wp-json\/wp\/v2\/posts"}],"about":[{"href":"https:\/\/www.europesays.com\/fr\/wp-json\/wp\/v2\/types\/post"}],"author":[{"embeddable":true,"href":"https:\/\/www.europesays.com\/fr\/wp-json\/wp\/v2\/users\/2"}],"replies":[{"embeddable":true,"href":"https:\/\/www.europesays.com\/fr\/wp-json\/wp\/v2\/comments?post=316915"}],"version-history":[{"count":0,"href":"https:\/\/www.europesays.com\/fr\/wp-json\/wp\/v2\/posts\/316915\/revisions"}],"wp:featuredmedia":[{"embeddable":true,"href":"https:\/\/www.europesays.com\/fr\/wp-json\/wp\/v2\/media\/316916"}],"wp:attachment":[{"href":"https:\/\/www.europesays.com\/fr\/wp-json\/wp\/v2\/media?parent=316915"}],"wp:term":[{"taxonomy":"category","embeddable":true,"href":"https:\/\/www.europesays.com\/fr\/wp-json\/wp\/v2\/categories?post=316915"},{"taxonomy":"post_tag","embeddable":true,"href":"https:\/\/www.europesays.com\/fr\/wp-json\/wp\/v2\/tags?post=316915"}],"curies":[{"name":"wp","href":"https:\/\/api.w.org\/{rel}","templated":true}]}}