{"id":316918,"date":"2025-08-13T19:03:09","date_gmt":"2025-08-13T19:03:09","guid":{"rendered":"https:\/\/www.europesays.com\/fr\/316918\/"},"modified":"2025-08-13T19:03:09","modified_gmt":"2025-08-13T19:03:09","slug":"kad-merad-et-la-polemique-autour-de-son-nouveau-film-rate-lacteur-accepte-de-ne-pas-se-verser-de-salaire","status":"publish","type":"post","link":"https:\/\/www.europesays.com\/fr\/316918\/","title":{"rendered":"Kad Merad et la pol\u00e9mique autour de son nouveau film \u00ab\u00a0rat\u00e9\u00a0\u00bb : l\u2019acteur accepte de ne pas se verser de salaire"},"content":{"rendered":"<p>      R\u00e9sum\u00e9<\/p>\n<p>Kad Merad a renonc\u00e9 \u00e0 son cachet, accompagn\u00e9 d&rsquo;autres membres de l&rsquo;\u00e9quipe, pour sauver la sortie limit\u00e9e d&rsquo;un film au succ\u00e8s critique difficile et \u00e0 la production fragile.<\/p>\n<p>        Sommaire<\/p>\n<p>Il a connu un succ\u00e8s fou avec Bienvenue chez les Ch&#8217;tis en 2008. L&rsquo;ann\u00e9e suivante, comme r\u00e9v\u00e9l\u00e9 par Capital, sa popularit\u00e9 grandissante lui a permis de toucher <strong>plus de 2,75 millions d&rsquo;euros pour trois films<\/strong> (RTT, Safari et Le Petit Nicolas). Mais pr\u00e8s de vingt ans apr\u00e8s, les propositions que re\u00e7oit Kad Merad sont plus rares&#8230; et surtout plus confidentielles. En d\u00e9but d&rsquo;ann\u00e9e, la com\u00e9die qu&rsquo;il a port\u00e9e avec <a href=\"https:\/\/www.public.fr\/michele-laroque-de-nouveau-maman-a-65-ans\" target=\"_blank\" rel=\"noopener\">Mich\u00e8le Laroque<\/a>, baptis\u00e9e 100 millions, a \u00e9t\u00e9 un \u00e9chec industriel. <strong>Seules 172 000 personnes se sont d\u00e9plac\u00e9es en salles<\/strong>. Mais c&rsquo;est largement plus que pour sa nouvelle com\u00e9die, mort-n\u00e9e&#8230;<\/p>\n<p>En effet, <strong>ce mercredi 13 ao\u00fbt sort en catimini Papamobile<\/strong>, un film r\u00e9alis\u00e9 et \u00e9crit par Sylvain Estibal. B\u00e9n\u00e9ficiant d&rsquo;un budget tr\u00e8s restreint \u00e0 1,2 million d&rsquo;euros, le projet a finalement \u00e9t\u00e9 retoqu\u00e9 \u00e0 la derni\u00e8re minute par la soci\u00e9t\u00e9 de production et de diffusion The Jokers. Celle-ci a finalement d\u00e9cid\u00e9 de ne pas payer les 200 000 euros de frais de sortie. <strong>Seules cinq petites salles dans tout l&rsquo;Hexagone<\/strong> vont diffuser Papamobile. <a href=\"https:\/\/www.public.fr\/javoue-cest-rate-cest-une-comedie-pas-drole-kad-merad-son-dernier-film-papamobile-detruit-par-le-producteur-en-personne\" target=\"_blank\" rel=\"noopener\">Aupr\u00e8s du Canard encha\u00een\u00e9<\/a>, la production invoque un film \u00ab\u00a0rat\u00e9 et pas dr\u00f4le\u00a0\u00bb.<\/p>\n<p>Kad Merad a tout fait pour sauver le film, en vain<\/p>\n<p>Face \u00e0 une situation aussi difficile, les acteurs et techniciens ont pris une mesure radicale et in\u00e9dite. Pour sauver le r\u00e9alisateur l\u00e2ch\u00e9 par ses producteurs, <strong>Kad Merad n&rsquo;a pas h\u00e9sit\u00e9 \u00e0 faire don de son cachet<\/strong>. Comme le r\u00e9v\u00e8le le cin\u00e9aste dans un droit de r\u00e9ponse accord\u00e9 \u00e0 Destination Cin\u00e9 sur X, <a href=\"https:\/\/vsd.fr\/tag\/kad-merad\/\" target=\"_blank\" rel=\"noopener\">l&rsquo;acteur de 61 ans<\/a> a accept\u00e9 de c\u00e9der une bonne partie de son salaire pour sauver les meubles. Et il n&rsquo;est pas le seul, puisque <strong>les techniciens et l&rsquo;actrice Myriam Teka\u00efa ont aussi fait cet effort<\/strong>.<\/p>\n<p>\u00ab\u00a0<strong>Kad Merad a mis son salaire essentiellement en participation<\/strong> pour que le projet se fasse (\u2026) Mon salaire de r\u00e9alisateur ainsi que celui de l&rsquo;actrice principale ont \u00e9galement \u00e9t\u00e9 mis en participation, afin que le projet puisse aboutir.<strong> Vu que le film ne sort quasiment pas en salles, nous ne toucherons rien<\/strong>. Plusieurs techniciens, mixage, VFX, ont accept\u00e9 d&rsquo;aider ce film en travaillant gratuitement, par amiti\u00e9 ou sympathie pour le projet\u00a0\u00bb a ainsi r\u00e9v\u00e9l\u00e9 le r\u00e9alisateur. Un geste tr\u00e8s beau, qui n&rsquo;a toutefois pas suffi \u00e0 sauver le film. La production s&rsquo;est montr\u00e9e intraitable, mais le film a toutefois \u00e9t\u00e9 r\u00e9cup\u00e9r\u00e9 par Amazon. En guise de seconde vie, <strong>Papamobile sortira sur la plateforme dans quelques mois<\/strong>.<\/p>\n<p>      Mentionn\u00e9s dans cet article<\/p>\n<p>      Sur le m\u00eame sujet<\/p>\n","protected":false},"excerpt":{"rendered":"R\u00e9sum\u00e9 Kad Merad a renonc\u00e9 \u00e0 son cachet, accompagn\u00e9 d&rsquo;autres membres de l&rsquo;\u00e9quipe, pour sauver la sortie limit\u00e9e&hellip;\n","protected":false},"author":2,"featured_media":316919,"comment_status":"","ping_status":"","sticky":false,"template":"","format":"standard","meta":{"footnotes":""},"categories":[1359],"tags":[1261,58,59,31150,1011,27,45535,973,14099],"class_list":{"0":"post-316918","1":"post","2":"type-post","3":"status-publish","4":"format-standard","5":"has-post-thumbnail","7":"category-people","8":"tag-argent","9":"tag-divertissement","10":"tag-entertainment","11":"tag-film-francais","12":"tag-fr","13":"tag-france","14":"tag-kad-merad","15":"tag-people","16":"tag-salaire"},"share_on_mastodon":{"url":"https:\/\/pubeurope.com\/@fr\/115023013780476921","error":""},"_links":{"self":[{"href":"https:\/\/www.europesays.com\/fr\/wp-json\/wp\/v2\/posts\/316918","targetHints":{"allow":["GET"]}}],"collection":[{"href":"https:\/\/www.europesays.com\/fr\/wp-json\/wp\/v2\/posts"}],"about":[{"href":"https:\/\/www.europesays.com\/fr\/wp-json\/wp\/v2\/types\/post"}],"author":[{"embeddable":true,"href":"https:\/\/www.europesays.com\/fr\/wp-json\/wp\/v2\/users\/2"}],"replies":[{"embeddable":true,"href":"https:\/\/www.europesays.com\/fr\/wp-json\/wp\/v2\/comments?post=316918"}],"version-history":[{"count":0,"href":"https:\/\/www.europesays.com\/fr\/wp-json\/wp\/v2\/posts\/316918\/revisions"}],"wp:featuredmedia":[{"embeddable":true,"href":"https:\/\/www.europesays.com\/fr\/wp-json\/wp\/v2\/media\/316919"}],"wp:attachment":[{"href":"https:\/\/www.europesays.com\/fr\/wp-json\/wp\/v2\/media?parent=316918"}],"wp:term":[{"taxonomy":"category","embeddable":true,"href":"https:\/\/www.europesays.com\/fr\/wp-json\/wp\/v2\/categories?post=316918"},{"taxonomy":"post_tag","embeddable":true,"href":"https:\/\/www.europesays.com\/fr\/wp-json\/wp\/v2\/tags?post=316918"}],"curies":[{"name":"wp","href":"https:\/\/api.w.org\/{rel}","templated":true}]}}