{"id":316920,"date":"2025-08-13T19:04:12","date_gmt":"2025-08-13T19:04:12","guid":{"rendered":"https:\/\/www.europesays.com\/fr\/316920\/"},"modified":"2025-08-13T19:04:12","modified_gmt":"2025-08-13T19:04:12","slug":"francois-rouan-peintre-proteiforme-et-ses-empreintes-singulieres-au-musee-des-beaux-arts-de-lyon","status":"publish","type":"post","link":"https:\/\/www.europesays.com\/fr\/316920\/","title":{"rendered":"Fran\u00e7ois Rouan, peintre prot\u00e9iforme, et ses \u00ab\u00a0empreintes\u00a0\u00bb singuli\u00e8res au Mus\u00e9e des beaux-arts de Lyon"},"content":{"rendered":"<p>                         <img loading=\"lazy\" decoding=\"async\" src=\"https:\/\/www.europesays.com\/fr\/wp-content\/uploads\/2025\/08\/91451a2_upload-1-0j9h3eoynn0d-155-francois-rouan-recordavii.jpg\" alt=\"\u00ab Recorda VII \u00bb (2023-2024), de Fran\u00e7ois Rouan.\"   width=\"664\" height=\"443\"\/>    \u00ab Recorda VII \u00bb (2023-2024), de Fran\u00e7ois Rouan.  ATELIER LAVERSINE\/ADAGP, PARIS, 2025                 <\/p>\n<p class=\"article__paragraph  \">\u00ab\u00a0Qu\u2019il peigne des joueurs de cartes, des pommes ou des petits carreaux g\u00e9om\u00e9triques, celui qui entre dans l\u2019exp\u00e9rience du tableau s\u2019aventure dans une exp\u00e9rience labyrinthique\u00a0\u00bb, confiait Fran\u00e7ois Rouan au Monde en\u00a01991. L\u2019actuelle exposition que lui consacre le Mus\u00e9e des beaux-arts de Lyon en est une \u00e9clatante d\u00e9monstration. Fort heureusement, les commissaires Isabelle Monod-Fontaine et Sylvie Ramond ont choisi un fil d\u2019Ariane en basant tout leur accrochage, environ 130 \u0153uvres, en 11\u00a0sections clairement d\u00e9finies qui ont pour point commun le th\u00e8me de l\u2019empreinte. Cependant, l\u2019homme n\u2019est pas simple, son travail encore moins. Peut-\u00eatre suffit-il juste de regarder les tableaux, mais pas superficiellement\u00a0: profond\u00e9ment, en prenant son temps, en y revenant souvent. Alors, mais alors seulement, ils finissent par distiller leur venin. Attention, il peut avoir des effets aphrodisiaques\u2026<\/p>\n<p>   Lire plus tard  <\/p>\n<p class=\"article__paragraph  \">L\u2019empreinte est vieille comme l\u2019humanit\u00e9\u00a0: celle d\u2019une main enduite de couleur et appos\u00e9e sur la paroi d\u2019une grotte par un ou une de nos anc\u00eatres du pal\u00e9olithique, par exemple. Elle est aussi tr\u00e8s contemporaine, si on veut bien se souvenir <a href=\"https:\/\/www.lemonde.fr\/m-le-mag\/article\/2020\/07\/03\/les-anthropometries-scandaleuses-d-yves-klein_6045107_4500055.html\" rel=\"nofollow noopener\" target=\"_blank\">des \u00ab\u00a0Anthropom\u00e9tries\u00a0\u00bb, d\u2019Yves Klein<\/a> (1928-1962), qui enduisait des mod\u00e8les nues de peinture bleue qu\u2019elles d\u00e9posaient ensuite sur une toile.<\/p>\n<p class=\"reading-mode-only \"><strong>Il vous reste 75.02% de cet article \u00e0 lire. La suite est r\u00e9serv\u00e9e aux abonn\u00e9s.<\/strong><\/p>\n","protected":false},"excerpt":{"rendered":"\u00ab Recorda VII \u00bb (2023-2024), de Fran\u00e7ois Rouan. ATELIER LAVERSINE\/ADAGP, PARIS, 2025 \u00ab\u00a0Qu\u2019il peigne des joueurs de cartes,&hellip;\n","protected":false},"author":2,"featured_media":316921,"comment_status":"","ping_status":"","sticky":false,"template":"","format":"standard","meta":{"footnotes":""},"categories":[1358],"tags":[1348,1384,1385,1386,58,59,1011,27],"class_list":{"0":"post-316920","1":"post","2":"type-post","3":"status-publish","4":"format-standard","5":"has-post-thumbnail","7":"category-arts-et-design","8":"tag-arts","9":"tag-arts-and-design","10":"tag-arts-et-design","11":"tag-design","12":"tag-divertissement","13":"tag-entertainment","14":"tag-fr","15":"tag-france"},"share_on_mastodon":{"url":"https:\/\/pubeurope.com\/@fr\/115023017911718745","error":""},"_links":{"self":[{"href":"https:\/\/www.europesays.com\/fr\/wp-json\/wp\/v2\/posts\/316920","targetHints":{"allow":["GET"]}}],"collection":[{"href":"https:\/\/www.europesays.com\/fr\/wp-json\/wp\/v2\/posts"}],"about":[{"href":"https:\/\/www.europesays.com\/fr\/wp-json\/wp\/v2\/types\/post"}],"author":[{"embeddable":true,"href":"https:\/\/www.europesays.com\/fr\/wp-json\/wp\/v2\/users\/2"}],"replies":[{"embeddable":true,"href":"https:\/\/www.europesays.com\/fr\/wp-json\/wp\/v2\/comments?post=316920"}],"version-history":[{"count":0,"href":"https:\/\/www.europesays.com\/fr\/wp-json\/wp\/v2\/posts\/316920\/revisions"}],"wp:featuredmedia":[{"embeddable":true,"href":"https:\/\/www.europesays.com\/fr\/wp-json\/wp\/v2\/media\/316921"}],"wp:attachment":[{"href":"https:\/\/www.europesays.com\/fr\/wp-json\/wp\/v2\/media?parent=316920"}],"wp:term":[{"taxonomy":"category","embeddable":true,"href":"https:\/\/www.europesays.com\/fr\/wp-json\/wp\/v2\/categories?post=316920"},{"taxonomy":"post_tag","embeddable":true,"href":"https:\/\/www.europesays.com\/fr\/wp-json\/wp\/v2\/tags?post=316920"}],"curies":[{"name":"wp","href":"https:\/\/api.w.org\/{rel}","templated":true}]}}