{"id":316924,"date":"2025-08-13T19:06:43","date_gmt":"2025-08-13T19:06:43","guid":{"rendered":"https:\/\/www.europesays.com\/fr\/316924\/"},"modified":"2025-08-13T19:06:43","modified_gmt":"2025-08-13T19:06:43","slug":"tracy-maries-au-premier-regard-raconte-son-calvaire-en-indonesie","status":"publish","type":"post","link":"https:\/\/www.europesays.com\/fr\/316924\/","title":{"rendered":"Tracy (Mari\u00e9s au premier regard) raconte son calvaire en Indon\u00e9sie"},"content":{"rendered":"<p>Les vacances ne se passent pas comme pr\u00e9vu pour <a href=\"https:\/\/www.programme-tv.net\/news\/tele-realite\/382947-tracy-maries-au-premier-regard-inquiete-concernant-un-probleme-de-sante-qui-gache-son-quotidien-on-ne-sait-pas-trop-ce-que-j-ai\/\" data-api-deeplink=\"teleloisirs:\/\/news\/382947\" target=\"_blank\" rel=\"noopener\">Tracy<\/a>&#8230; Ces derni\u00e8res semaines, l&rsquo;ancienne candidate de <a href=\"https:\/\/www.programme-tv.net\/news\/tele-realite\/385227-je-leve-le-pied-emilie-maries-au-premier-regard-partage-son-inquietude-apres-avoir-ressenti-des-contractions-douloureuses\/\" data-api-deeplink=\"teleloisirs:\/\/news\/385227\" target=\"_blank\" rel=\"noopener\">Mari\u00e9s au premier regard <\/a>a partag\u00e9 plusieurs clich\u00e9s des paysages idylliques qu&rsquo;offre l&rsquo;Indon\u00e9sie. Partie en road trip depuis quatre semaines aux quatre coins de l&rsquo;\u00eele, l&rsquo;influenceuse a rencontr\u00e9 quelques soucis ces derniers jours, alors qu&rsquo;elle \u00e9tait moins pr\u00e9sente sur les r\u00e9seaux sociaux. Sur Instragram, elle prend la parole ce mercredi 13 ao\u00fbt pour \u00e9voquer ses probl\u00e8mes de sant\u00e9 qui lui ont caus\u00e9 une grosse frayeur.<\/p>\n<p>\u00ab\u00a0Je vais claquer \u00e0 Bali c&rsquo;est s\u00fbr\u00a0\u00bb : Tracy (Mari\u00e9s au premier regard) se fait une grosse frayeur pendant ses vacances<\/p>\n<p>Ce mercredi 13 ao\u00fbt, Tracy a post\u00e9 une photo d&rsquo;elle depuis une chambre d&rsquo;h\u00f4pital&#8230; L&rsquo;ancienne candidate de t\u00e9l\u00e9-r\u00e9alit\u00e9 explique qu&rsquo;elle a rencontr\u00e9 quelques soucis de sant\u00e9 pendant ses vacances, qu&rsquo;elle passe \u00e0 Bali. \u00ab\u00a0Toujours garder le smile m\u00eame quand on est dans les choux. En vrai, je rigole mais je n&rsquo;\u00e9tais pas bien\u00a0\u00bb, \u00e9crit-elle, avant de r\u00e9sumer les \u00e9v\u00e9nements de ces derniers jours en vid\u00e9o. \u00ab\u00a0J&rsquo;ai fait une activit\u00e9 et tout s&rsquo;est tr\u00e8s bien pass\u00e9, mais apr\u00e8s, en rentrant, j&rsquo;ai \u00e9t\u00e9 aux toilettes d&rsquo;un coup, mais je ne me suis pas inqui\u00e9t\u00e9e car ici on ne mange pas de la m\u00eame fa\u00e7on. Sauf que \u00e7a s&rsquo;est transform\u00e9 en cauchemar\u00a0\u00bb, indique-t-elle. En effet, de nombreux sympt\u00f4mes inqui\u00e9tants sont rapidement apparus : \u00ab\u00a0<b>Il y a une nuit, j&rsquo;ai eu un pique de fi\u00e8vre et j&rsquo;ai vu quelqu&rsquo;un dans la chambre dans la nuit\u00a0\u00bb<\/b><b>,<\/b> explique-t-elle, avant de reprendre : <b>\u00ab\u00a0<\/b><b>Je me suis dit : <\/b><b>&lsquo;Je commence \u00e0 avoir des hallucinations, \u00e7a ne va pas du tout&rsquo;<\/b>. Le lendemain, je me suis endormie sur la table du resto, la fi\u00e8vre a commenc\u00e9 \u00e0 revenir\u00a0\u00bb. Face \u00e0 son \u00e9tat de sant\u00e9 alarmant, <a href=\"https:\/\/www.programme-tv.net\/news\/tele-realite\/381384-tracy-maries-au-premier-regard-revele-etre-en-couple-suite-a-son-divorce-avec-flo-c-est-quelquun-qui-ne-cherche-pas-a-briller\/\" data-api-deeplink=\"teleloisirs:\/\/news\/381384\" target=\"_blank\" rel=\"noopener\">le compagnon de Tracy<\/a> l&rsquo;a conduite \u00e0 l&rsquo;h\u00f4pital, mais rien ne s&rsquo;est pass\u00e9 comme pr\u00e9vu non plus : \u00ab\u00a0Quand on est arriv\u00e9s j&rsquo;avais une petite tension et de la fi\u00e8vre. L\u00e0, le cauchemar, <b>il y avait trop de perfusions d&rsquo;un coup : mon rythme cardiaque s&rsquo;est acc\u00e9l\u00e9r\u00e9, c\u2019est-\u00e0-dire que j&rsquo;\u00e9tais entre 125 et 130 par minute au repos<\/b> et je commen\u00e7ais \u00e0 avoir tr\u00e8s mal \u00e0 la poitrine et je voyais flou. Je me suis dit : &lsquo;Je vais claquer \u00e0 Bali c&rsquo;est s\u00fbr'\u00a0\u00bb. Plus de peur que de mal, puisque l&rsquo;infirmi\u00e8re a finalement r\u00e9ajust\u00e9 la perfusion pour calmer son rythme cardiaque. Apr\u00e8s son passage d&rsquo;une demi-journ\u00e9e \u00e0 l&rsquo;h\u00f4pital, le couple est finalement rentr\u00e9 \u00e0 leur h\u00e9bergement, mais les sympt\u00f4mes ont persist\u00e9 : \u00ab\u00a0Le lendemain, c&rsquo;est pire, j&rsquo;ai beaucoup de sang dans les selles. Je fais des analyses, prise de sang etc&#8230; Il me trouve une bact\u00e9rie dans le tube digestif. <b>C&rsquo;est le bali belly, mais en version hardcore<\/b><b>\u00ab\u00a0<\/b>, annonce-t-elle finalement.<\/p>\n<p>                        \u00ab\u00a0J&rsquo;ai pas eu de chance\u00a0\u00bb : Tracy (Mari\u00e9s au premier regard) explique la cause de sa bact\u00e9rie<\/p>\n<p>Tracy explique que plusieurs causes peuvent \u00eatre la source du d\u00e9veloppement de cette bact\u00e9rie : \u00ab\u00a0L&rsquo;eau n&rsquo;est pas potable : je ne bois pas l&rsquo;eau du robinet, mais je me suis bross\u00e9 les dents avec. Je suis quelqu&rsquo;un qui est tr\u00e8s friand de fruits et \u00e7a peut-\u00eatre un fruit mal lav\u00e9 aussi, ou alors dans les gla\u00e7ons\u00a0\u00bb, avance-t-elle. Bien d\u00e9cid\u00e9e \u00e0 reprendre ses vacances en main, elle pr\u00e9cise : \u00ab\u00a0J&rsquo;ai pas eu de chance mais \u00e7a va beaucoup mieux (&#8230;) C&rsquo;est pas cet \u00e9pisode qui va me faire d\u00e9tester Bali\u00a0\u00bb.<\/p>\n","protected":false},"excerpt":{"rendered":"Les vacances ne se passent pas comme pr\u00e9vu pour Tracy&#8230; Ces derni\u00e8res semaines, l&rsquo;ancienne candidate de Mari\u00e9s au&hellip;\n","protected":false},"author":2,"featured_media":316925,"comment_status":"","ping_status":"","sticky":false,"template":"","format":"standard","meta":{"footnotes":""},"categories":[1356],"tags":[58,59,1011,27,5214,252,1364],"class_list":{"0":"post-316924","1":"post","2":"type-post","3":"status-publish","4":"format-standard","5":"has-post-thumbnail","7":"category-television","8":"tag-divertissement","9":"tag-entertainment","10":"tag-fr","11":"tag-france","12":"tag-mariu00e9s-au-premier-regard","13":"tag-television","14":"tag-tv"},"share_on_mastodon":{"url":"https:\/\/pubeurope.com\/@fr\/115023025589874513","error":""},"_links":{"self":[{"href":"https:\/\/www.europesays.com\/fr\/wp-json\/wp\/v2\/posts\/316924","targetHints":{"allow":["GET"]}}],"collection":[{"href":"https:\/\/www.europesays.com\/fr\/wp-json\/wp\/v2\/posts"}],"about":[{"href":"https:\/\/www.europesays.com\/fr\/wp-json\/wp\/v2\/types\/post"}],"author":[{"embeddable":true,"href":"https:\/\/www.europesays.com\/fr\/wp-json\/wp\/v2\/users\/2"}],"replies":[{"embeddable":true,"href":"https:\/\/www.europesays.com\/fr\/wp-json\/wp\/v2\/comments?post=316924"}],"version-history":[{"count":0,"href":"https:\/\/www.europesays.com\/fr\/wp-json\/wp\/v2\/posts\/316924\/revisions"}],"wp:featuredmedia":[{"embeddable":true,"href":"https:\/\/www.europesays.com\/fr\/wp-json\/wp\/v2\/media\/316925"}],"wp:attachment":[{"href":"https:\/\/www.europesays.com\/fr\/wp-json\/wp\/v2\/media?parent=316924"}],"wp:term":[{"taxonomy":"category","embeddable":true,"href":"https:\/\/www.europesays.com\/fr\/wp-json\/wp\/v2\/categories?post=316924"},{"taxonomy":"post_tag","embeddable":true,"href":"https:\/\/www.europesays.com\/fr\/wp-json\/wp\/v2\/tags?post=316924"}],"curies":[{"name":"wp","href":"https:\/\/api.w.org\/{rel}","templated":true}]}}