{"id":316926,"date":"2025-08-13T19:07:11","date_gmt":"2025-08-13T19:07:11","guid":{"rendered":"https:\/\/www.europesays.com\/fr\/316926\/"},"modified":"2025-08-13T19:07:11","modified_gmt":"2025-08-13T19:07:11","slug":"la-revanche-des-pestiferes-de-la-variete","status":"publish","type":"post","link":"https:\/\/www.europesays.com\/fr\/316926\/","title":{"rendered":"la revanche des pestif\u00e9r\u00e9s de la vari\u00e9t\u00e9"},"content":{"rendered":"<p>LE MATCH DES TUBES (29 \/ 40) &#8211; \u00c0 la fin des ann\u00e9es 1990, les boys bands dominent la vari\u00e9t\u00e9 fran\u00e7aise et Larusso renverse la table. Apr\u00e8s avoir \u00e9t\u00e9 m\u00e9pris\u00e9s, ils reviennent au go\u00fbt du jour au d\u00e9but des ann\u00e9es 2020. Enfin un plaisir coupable que l&rsquo;on peut assumer.<\/p>\n<p><a href=\"https:\/\/www.parismatch.com\/People\/Que-sont-devenus-les-membres-des-Boys-Bands-des-annees-90-706808\" rel=\"nofollow noopener\" target=\"_blank\">On a souvent fustig\u00e9 les tubes des ann\u00e9es 1990 port\u00e9s par les boys bands ou girls bands<\/a> ou les artistes d\u2019un seul tube. Musiques trop similaires, paroles l\u00e9g\u00e8res et voix interchangeables\u2026 Les sp\u00e9cialistes musicaux n\u2019avaient pas de mots assez durs pour les critiquer. Force est de constater que le temps a fait son \u0153uvre et que la nostalgie bat son plein. Au point que des artistes dits \u00ab\u00a0s\u00e9rieux\u00a0\u00bb reprennent ces titres longtemps fustig\u00e9s. Pour ce 29e duel, s\u2019opposent deux \u00ab\u00a0hits\u00a0\u00bb\u00a0: \u00ab\u00a0Tu m\u2019oublieras\u00a0\u00bb de Larusso et \u00ab\u00a0Partir un jour\u00a0\u00bb des 2Be3.<\/p>\n<p>En 1996 d\u00e9boulent trois jeunes gar\u00e7ons tr\u00e8s muscl\u00e9s et bien sous tout rapport. Ils savent danser, un peu moins chanter. Totalement construit d\u2019un point de vue marketing, le groupe 2Be3, compos\u00e9 de Filip, Adel et Frank, copie East 17 et Take That. Laurent Marimbert compose la musique, tr\u00e8s urbaine et dance. Une certaine P\u00e9n\u00e9lope Marcelin \u00e9crit les paroles qui resteront le symbole de ce groupe de potes d\u2019enfance. \u00ab\u00a0Partir un jour sans retour. Effacer notre amour sans se retourner, ne pas regretter. Garder les instants qu\u2019on a vol\u00e9s.\u00a0\u00bb Le sens de la chanson est \u00e0 trouver chez Horace (\u00ab\u00a0Carpe diem\u00a0\u00bb) ou Ronsard (\u00ab\u00a0Cueillez d\u00e8s aujourd\u2019hui les roses de la vie\u00a0\u00bb)\u00a0: profitons de l\u2019instant pr\u00e9sent et surtout ne regrettons pas. Les paroles restent limit\u00e9es mais sont d\u2019une efficacit\u00e9 redoutable. Comme la m\u00e9lodie imparable qui reste en t\u00eate de longs moments. 450\u00a0000 exemplaires vendus plus tard, la carri\u00e8re des 2Be3 est lanc\u00e9e aussi vite qu\u2019elle s\u2019arr\u00eate en 2001. <a href=\"https:\/\/www.parismatch.com\/culture\/cinema\/juliette-armanet-je-suis-une-fonceuse-melancolique-251051\" rel=\"nofollow noopener\" target=\"_blank\">En mai dernier, la nouvelle star populaire Juliette Armanet reprend, sobrement<\/a>, \u00ab\u00a0Partir un jour\u00a0\u00bb avec un piano-voix sensible. Voil\u00e0 le titre honni habill\u00e9 de gr\u00e2ce et de volupt\u00e9.<\/p>\n<p>    La suite apr\u00e8s cette publicit\u00e9<\/p>\n<p>La temp\u00eate Larusso<\/p>\n<p>\u00ab\u00a0Tu m\u2019oublieras\u00a0\u00bb est l\u2019ouragan de 1999.<a href=\"https:\/\/www.parismatch.com\/People\/Larusso-fete-ses-40-ans-que-devient-elle-1651958\" rel=\"nofollow noopener\" target=\"_blank\"> Larusso, une pimpante artiste de 20\u00a0ans<\/a>, d\u00e9boule dans la vari\u00e9t\u00e9 fran\u00e7aise avec une reprise de \u00ab\u00a0You Will Forget\u00a0\u00bb d\u2019Irma Jackson, elle-m\u00eame reprise par R\u00e9gine. La chanson de rupture amoureuse est sublim\u00e9e par la voix, la gouaille de Larusso et l\u2019arrangement R\u2019n\u2019B. \u00ab\u00a0Tu oublieras les sourires, les regards qui parlaient d\u2019\u00e9ternit\u00e9. Tous ces mots que l\u2019on jure de ne jamais oublier. Tu oublieras, tu m\u2019oublieras\u00a0\u00bb, envoie la Parisienne. On se d\u00e9hanche et on r\u00e9p\u00e8te en boucle le refrain en anglais\u00a0: \u00ab\u00a0You will forget (I will). No more you and I (no more) Yeah, yeah, yeah, yeah, yeah.\u00a0\u00bb Les trois minutes quarante passent \u00e0 la vitesse de l\u2019\u00e9clair. Le titre est d\u2019une efficacit\u00e9 redoutable qui emballe plus de 1,2\u00a0million de personnes. Apr\u00e8s avoir remis au go\u00fbt du jour les chansons de l\u2019entre-deux-guerres, Patrick Bruel fait en 2023 le grand \u00e9cart. Il enregistre \u00ab\u00a0Tu m\u2019oublieras\u00a0\u00bb le plus s\u00e9rieusement du monde, au piano, et avec sa voix sensuelle, ce qui redonne au titre sa tristesse naturelle. \u00ab\u00a0Je te le dis quand m\u00eame\u2026\u00a0\u00bb<\/p>\n<p>    La suite apr\u00e8s cette publicit\u00e9<\/p>\n<p>Difficile de trancher entre ces deux plaisirs coupables des ann\u00e9es 1990. <a href=\"https:\/\/www.parismatch.com\/culture\/medias\/la-serie-culte-autour-des-2be3-prend-forme-daphne-burki-et-franck-delay-au-casting-253907\" rel=\"nofollow noopener\" target=\"_blank\">Alors qu\u2019un biopic sur les 2Be3 se pr\u00e9pare<\/a>, nous devons voter pour \u00ab\u00a0Tu m\u2019oublieras\u00a0\u00bb. Tant pour la version originale de Larusso qui donne, malgr\u00e9 le texte triste &#8211; mais impeccablement \u00e9crit &#8211; la p\u00eache, que pour la reprise plus sinc\u00e8re de Bruel. On n\u2019est pas pr\u00e8s de l\u2019oublier.<\/p>\n","protected":false},"excerpt":{"rendered":"LE MATCH DES TUBES (29 \/ 40) &#8211; \u00c0 la fin des ann\u00e9es 1990, les boys bands dominent&hellip;\n","protected":false},"author":2,"featured_media":316927,"comment_status":"","ping_status":"","sticky":false,"template":"","format":"standard","meta":{"footnotes":""},"categories":[1355],"tags":[58,59,1011,27,1361,873],"class_list":{"0":"post-316926","1":"post","2":"type-post","3":"status-publish","4":"format-standard","5":"has-post-thumbnail","7":"category-musique","8":"tag-divertissement","9":"tag-entertainment","10":"tag-fr","11":"tag-france","12":"tag-music","13":"tag-musique"},"share_on_mastodon":{"url":"https:\/\/pubeurope.com\/@fr\/115023029539822404","error":""},"_links":{"self":[{"href":"https:\/\/www.europesays.com\/fr\/wp-json\/wp\/v2\/posts\/316926","targetHints":{"allow":["GET"]}}],"collection":[{"href":"https:\/\/www.europesays.com\/fr\/wp-json\/wp\/v2\/posts"}],"about":[{"href":"https:\/\/www.europesays.com\/fr\/wp-json\/wp\/v2\/types\/post"}],"author":[{"embeddable":true,"href":"https:\/\/www.europesays.com\/fr\/wp-json\/wp\/v2\/users\/2"}],"replies":[{"embeddable":true,"href":"https:\/\/www.europesays.com\/fr\/wp-json\/wp\/v2\/comments?post=316926"}],"version-history":[{"count":0,"href":"https:\/\/www.europesays.com\/fr\/wp-json\/wp\/v2\/posts\/316926\/revisions"}],"wp:featuredmedia":[{"embeddable":true,"href":"https:\/\/www.europesays.com\/fr\/wp-json\/wp\/v2\/media\/316927"}],"wp:attachment":[{"href":"https:\/\/www.europesays.com\/fr\/wp-json\/wp\/v2\/media?parent=316926"}],"wp:term":[{"taxonomy":"category","embeddable":true,"href":"https:\/\/www.europesays.com\/fr\/wp-json\/wp\/v2\/categories?post=316926"},{"taxonomy":"post_tag","embeddable":true,"href":"https:\/\/www.europesays.com\/fr\/wp-json\/wp\/v2\/tags?post=316926"}],"curies":[{"name":"wp","href":"https:\/\/api.w.org\/{rel}","templated":true}]}}