{"id":316928,"date":"2025-08-13T19:08:13","date_gmt":"2025-08-13T19:08:13","guid":{"rendered":"https:\/\/www.europesays.com\/fr\/316928\/"},"modified":"2025-08-13T19:08:13","modified_gmt":"2025-08-13T19:08:13","slug":"cinema-pourquoi-papamobile-le-film-avec-le-pape-kad-merad-ne-sort-que-dans-sept-salles-de-province","status":"publish","type":"post","link":"https:\/\/www.europesays.com\/fr\/316928\/","title":{"rendered":"Cin\u00e9ma\u00a0: pourquoi \u00ab\u00a0Papamobile\u00a0\u00bb, le film avec le pape Kad Merad, ne sort que dans sept salles de province"},"content":{"rendered":"<p class=\"paragraph text_align_left lp-f-body-02\">\u00ab Papamobile \u00bb aurait pu \u00eatre <a href=\"https:\/\/www.leparisien.fr\/culture-loisirs\/cinema\/sorties-cinema-du-13-aout-y-a-t-il-un-flic-pour-sauver-le-monde-lepreuve-du-feu-les-films-a-voir-cette-semaine-12-08-2025-IGE5OL6ATNGK5NKQEKV3VTPORY.php\" target=\"_blank\" rel=\"noreferrer nofollow noopener\">une des com\u00e9dies de l\u2019\u00e9t\u00e9<\/a>. Du moins sur le papier. Kad Merad en pape, enlev\u00e9 par un cartel mexicain lors d\u2019une tourn\u00e9e en papamobile, et dont la cheffe des narcos d\u00e9couvre qu\u2019il n\u2019est qu\u2019un imposteur. La suite ? Seuls des spectateurs d\u2019Avignon (Vaucluse), Bagnoles-de-l\u2019Orne (Orne), Saverne (Bas-Rhin), Douvaine et \u00c9vian-les-Bains (Haute-Savoie), et Romans-sur-Is\u00e8re (Dr\u00f4me), les uniques cin\u00e9mas de France \u00e0 le projeter, pourront la raconter. Impossible de le voir en \u00cele-de-France, ni dans aucune des plus grandes villes de l\u2019Hexagone.<\/p>\n","protected":false},"excerpt":{"rendered":"\u00ab Papamobile \u00bb aurait pu \u00eatre une des com\u00e9dies de l\u2019\u00e9t\u00e9. Du moins sur le papier. Kad Merad&hellip;\n","protected":false},"author":2,"featured_media":316929,"comment_status":"","ping_status":"","sticky":false,"template":"","format":"standard","meta":{"footnotes":""},"categories":[1354],"tags":[650,872,58,59,1346,1011,27,1360],"class_list":{"0":"post-316928","1":"post","2":"type-post","3":"status-publish","4":"format-standard","5":"has-post-thumbnail","7":"category-films","8":"tag-cinema","9":"tag-culture-et-loisirs","10":"tag-divertissement","11":"tag-entertainment","12":"tag-films","13":"tag-fr","14":"tag-france","15":"tag-movies"},"share_on_mastodon":{"url":"https:\/\/pubeurope.com\/@fr\/115023033539105255","error":""},"_links":{"self":[{"href":"https:\/\/www.europesays.com\/fr\/wp-json\/wp\/v2\/posts\/316928","targetHints":{"allow":["GET"]}}],"collection":[{"href":"https:\/\/www.europesays.com\/fr\/wp-json\/wp\/v2\/posts"}],"about":[{"href":"https:\/\/www.europesays.com\/fr\/wp-json\/wp\/v2\/types\/post"}],"author":[{"embeddable":true,"href":"https:\/\/www.europesays.com\/fr\/wp-json\/wp\/v2\/users\/2"}],"replies":[{"embeddable":true,"href":"https:\/\/www.europesays.com\/fr\/wp-json\/wp\/v2\/comments?post=316928"}],"version-history":[{"count":0,"href":"https:\/\/www.europesays.com\/fr\/wp-json\/wp\/v2\/posts\/316928\/revisions"}],"wp:featuredmedia":[{"embeddable":true,"href":"https:\/\/www.europesays.com\/fr\/wp-json\/wp\/v2\/media\/316929"}],"wp:attachment":[{"href":"https:\/\/www.europesays.com\/fr\/wp-json\/wp\/v2\/media?parent=316928"}],"wp:term":[{"taxonomy":"category","embeddable":true,"href":"https:\/\/www.europesays.com\/fr\/wp-json\/wp\/v2\/categories?post=316928"},{"taxonomy":"post_tag","embeddable":true,"href":"https:\/\/www.europesays.com\/fr\/wp-json\/wp\/v2\/tags?post=316928"}],"curies":[{"name":"wp","href":"https:\/\/api.w.org\/{rel}","templated":true}]}}