{"id":316934,"date":"2025-08-13T19:11:12","date_gmt":"2025-08-13T19:11:12","guid":{"rendered":"https:\/\/www.europesays.com\/fr\/316934\/"},"modified":"2025-08-13T19:11:12","modified_gmt":"2025-08-13T19:11:12","slug":"un-toucher-rectal-michel-cymes-sans-vergogne-il-affiche-bruno-guillon-et-nagui-sur-leur-vie-intime-je-plains-votre-femme","status":"publish","type":"post","link":"https:\/\/www.europesays.com\/fr\/316934\/","title":{"rendered":"Un toucher rectal\u00a0\u00bb, Michel Cym\u00e8s sans vergogne, il affiche Bruno Guillon et Nagui sur leur vie intime : \u00ab\u00a0Je plains votre femme"},"content":{"rendered":"<p>Par <a class=\"author_recette\" id=\"author_name\" href=\"https:\/\/www.nextplz.fr\/auteur\/jason-mathurin\" target=\"_blank\" rel=\"noopener\">Jason<br \/>\nMathurin<\/a> &#8211;<br \/>\nPubli\u00e9 le 13 Ao\u00fbt 2025 \u00e0<br \/>\n20:30<\/p>\n<p class=\"article-intro excerpt\">Michel Cym\u00e8s n\u2019a pas toujours sa<br \/>\nlangue dans sa poche\u2026 Et Bruno Guillon en a fait les frais sur les<br \/>\nondes radiophoniques de RTL !<\/p>\n<p>Inutile de rappeler qui est Michel Cym\u00e8s. L&rsquo;expert sant\u00e9 le plus<br \/>\nc\u00e9l\u00e8bre du PAF a une certaine notori\u00e9t\u00e9 aupr\u00e8s du grand public.<br \/>\nAvec sa gouaille et son naturel, il sait faire sourire et parler de<br \/>\nsujets s\u00e9rieux, avec bienveillance, tol\u00e9rance et justesse. Pas<br \/>\n\u00e9tonnant que <strong>Karine Le Marchand ait craqu\u00e9 pour le<br \/>\nm\u00e9decin<\/strong>. Et qu&rsquo;elle ait <a href=\"https:\/\/www.nextplz.fr\/people\/432605-karine-le-marchand-55-ans-revele-sa-relation-avec-michel-cymes-je-lui-ai\" target=\"_blank\" rel=\"noopener\"><br \/>\nm\u00eame tent\u00e9 une approche pour finir dans son lit<\/a>. \u00ab\u00a0Il \u00e9tait<br \/>\ntellement bourr\u00e9, il a r\u00e9pondu : &lsquo;non, \u00e7a ne va pas \u00eatre<br \/>\npossible'\u00a0\u00bb, a dit l&rsquo;animatrice de l&rsquo;Amour est dans le pr\u00e9, sans<br \/>\nd\u00e9tours. Il y en a bien un qui a tent\u00e9 de lui tirer les vers du nez<br \/>\nc\u00f4t\u00e9 sexualit\u00e9 : c&rsquo;est Bruno Guillon. Et il nous a bien fait rire,<br \/>\nau d\u00e9triment de ce dernier.<\/p>\n<p>Michel Cym\u00e8s chahute<br \/>\nBruno Guillon sur RTL<\/p>\n<p>C&rsquo;est dans un num\u00e9ro de Bon Dimanche Show, sur RTL, que Bruno<br \/>\nGuillon a mis les pieds dans le plat. Avec son humour l\u00e9gendaire,<br \/>\nil a pos\u00e9 une question tout de go, qui a quelque peu interloqu\u00e9<br \/>\nnotre Michel Cym\u00e8s national. \u00ab\u00a0Faire l&rsquo;amour 7 fois de suite,<br \/>\ngood ou pas good ?\u00a0\u00bb. \u00c0 cette question, Michel Cym\u00e8s n&rsquo;a pas<br \/>\nh\u00e9sit\u00e9 \u00e0 r\u00e9pondre de comique, un brin d\u00e9sopilante : <strong>\u00ab\u00a0Si<br \/>\nc\u2019est autobiographique, Bruno, je plains votre femme<\/strong>.<br \/>\nApr\u00e8s, \u00e7a d\u00e9pend s\u2019il y a des anti-inflammatoires qui sont \u00e0<br \/>\ndisposition ou pas\u00a0\u00bb, a\u00efe&#8230; \u00e7a fait mal. Mais ce n&rsquo;est pas la<br \/>\npremi\u00e8re fois que le m\u00e9decin de formation a jou\u00e9 les comiques en<br \/>\npleine diffusion.<\/p>\n<p>L&rsquo;anecdote de<br \/>\nl&rsquo;urologue qui a fait rire Nagui<\/p>\n<p>Dans l&rsquo;\u00e9mission N&rsquo;oubliez pas les paroles, anim\u00e9e par<br \/>\nNagui, Michel Cym\u00e8s a mis Nagui dans une situation aussi<br \/>\nembarrassante que Bruno Guillon. Il racontait alors une anecdote un<br \/>\npeu sp\u00e9ciale&#8230; \u00ab\u00a0J\u2019ai \u00e9crit \u00e0 un professeur d\u2019urologie. Je lui<br \/>\nai demand\u00e9 de me faire une lettre en disant : &lsquo;Mon cher Nagui,<br \/>\npour votre anniversaire, Michel vous offre un toucher rectal&rsquo;.<br \/>\n<strong>J\u2019ai accompagn\u00e9 cette lettre avec la main articul\u00e9e<br \/>\npour lui dire qu\u2019il pouvait s\u2019entra\u00eener<\/strong>. Il n\u2019y est jamais<br \/>\nall\u00e9 !\u00a0\u00bb. On peut le dire, il fallait oser, et Michel Cym\u00e8s est<br \/>\nun homme qui ose et qui n&rsquo;y va pas de main morte.<\/p>\n<p>Bruno Guillon<br \/>\nvole la vedette \u00e0 Olivier Minne<\/p>\n<p>Si Nagui et Bruno Guillon se souviennent encore de leurs<br \/>\naventures avec Michel Cym\u00e8s, le second fait la une de l&rsquo;actualit\u00e9,<br \/>\ndepuis qu&rsquo;on sait qu&rsquo;il fera sa premi\u00e8re dans Tout le monde a<br \/>\nson mot \u00e0 dire. Eh oui, c&rsquo;est Bruno Guillon qui remplace<br \/>\nOlivier Mille \u00e0 la pr\u00e9sentation, et cela aura lieu \u00e0 la rentr\u00e9e,<br \/>\napr\u00e8s que l&rsquo;animateur aura rejoint M6. <a href=\"https:\/\/www.nextplz.fr\/people\/486587-bruno-guillon-sans-detour-sur-hanouna-dans-un-enregistrement-confidentiel-hors-de-question-que-je-partage-lantenne-avec-ce-gars\" target=\"_blank\" rel=\"noopener\"><br \/>\nCelui qu&rsquo;on dit ne brouille avec Hanouna<\/a> a toutefois fait<br \/>\nquelques d\u00e9clarations ces derni\u00e8res semaines, <strong>\u00e9voquant<br \/>\nnotamment son possible retrait de la vie m\u00e9diatique<\/strong>. Ou du<br \/>\nmoins, de la t\u00e9l\u00e9vision et de la radio. \u00ab\u00a0Le jour o\u00f9 les gens ne<br \/>\nvoudront plus me voir, je me mettrai en retrait. Je commence d\u00e9j\u00e0 \u00e0<br \/>\ny penser. J&rsquo;ai mont\u00e9 la soci\u00e9t\u00e9 &lsquo;Pr\u00eats !&rsquo;, qui produit des<br \/>\n\u00e9missions de radio que je n&rsquo;anime pas, des films pour le cin\u00e9ma et<br \/>\ndes fictions t\u00e9l\u00e9vis\u00e9es\u00a0\u00bb, racontait-il au Figaro TV<br \/>\nMagazine.<\/p>\n","protected":false},"excerpt":{"rendered":"Par Jason Mathurin &#8211; Publi\u00e9 le 13 Ao\u00fbt 2025 \u00e0 20:30 Michel Cym\u00e8s n\u2019a pas toujours sa langue&hellip;\n","protected":false},"author":2,"featured_media":316935,"comment_status":"","ping_status":"","sticky":false,"template":"","format":"standard","meta":{"footnotes":""},"categories":[8],"tags":[21303,58,59,1011,27,29017],"class_list":{"0":"post-316934","1":"post","2":"type-post","3":"status-publish","4":"format-standard","5":"has-post-thumbnail","7":"category-divertissement","8":"tag-buzz_nonli","9":"tag-divertissement","10":"tag-entertainment","11":"tag-fr","12":"tag-france","13":"tag-nonli_nextplz"},"share_on_mastodon":{"url":"https:\/\/pubeurope.com\/@fr\/115023045379197980","error":""},"_links":{"self":[{"href":"https:\/\/www.europesays.com\/fr\/wp-json\/wp\/v2\/posts\/316934","targetHints":{"allow":["GET"]}}],"collection":[{"href":"https:\/\/www.europesays.com\/fr\/wp-json\/wp\/v2\/posts"}],"about":[{"href":"https:\/\/www.europesays.com\/fr\/wp-json\/wp\/v2\/types\/post"}],"author":[{"embeddable":true,"href":"https:\/\/www.europesays.com\/fr\/wp-json\/wp\/v2\/users\/2"}],"replies":[{"embeddable":true,"href":"https:\/\/www.europesays.com\/fr\/wp-json\/wp\/v2\/comments?post=316934"}],"version-history":[{"count":0,"href":"https:\/\/www.europesays.com\/fr\/wp-json\/wp\/v2\/posts\/316934\/revisions"}],"wp:featuredmedia":[{"embeddable":true,"href":"https:\/\/www.europesays.com\/fr\/wp-json\/wp\/v2\/media\/316935"}],"wp:attachment":[{"href":"https:\/\/www.europesays.com\/fr\/wp-json\/wp\/v2\/media?parent=316934"}],"wp:term":[{"taxonomy":"category","embeddable":true,"href":"https:\/\/www.europesays.com\/fr\/wp-json\/wp\/v2\/categories?post=316934"},{"taxonomy":"post_tag","embeddable":true,"href":"https:\/\/www.europesays.com\/fr\/wp-json\/wp\/v2\/tags?post=316934"}],"curies":[{"name":"wp","href":"https:\/\/api.w.org\/{rel}","templated":true}]}}