{"id":316940,"date":"2025-08-13T19:14:16","date_gmt":"2025-08-13T19:14:16","guid":{"rendered":"https:\/\/www.europesays.com\/fr\/316940\/"},"modified":"2025-08-13T19:14:16","modified_gmt":"2025-08-13T19:14:16","slug":"donald-trump-veut-mettre-au-pas-les-musees-de-washington-avant-le-250e-anniversaire-des-etats-unis","status":"publish","type":"post","link":"https:\/\/www.europesays.com\/fr\/316940\/","title":{"rendered":"Donald Trump veut mettre au pas les mus\u00e9es de Washington avant le 250e anniversaire des \u00c9tats-Unis"},"content":{"rendered":"<p>        <img decoding=\"async\" loading=\"lazy\" src=\"https:\/\/www.europesays.com\/fr\/wp-content\/uploads\/2025\/07\/13f2f8b_upload-1-kauq9fkgxm8d-063-2223544419.jpg\"  width=\"728\" height=\"410\" alt=\"Donald\u00a0Trump\u00a0veut que les mus\u00e9es de Washington soient en ad\u00e9quation avec sa vision de l\u2019Am\u00e9rique. (Photo d\u2019illustration)\"\/>  <\/p>\n<p>ANDREW HARNIK \/ Getty Images via AFP<\/p>\n<p>Donald\u00a0Trump\u00a0veut que les mus\u00e9es de Washington soient en ad\u00e9quation avec sa vision de l\u2019Am\u00e9rique. (Photo d\u2019illustration)<\/p>\n<p class=\"asset asset-text\">\u00c9TATS-UNIS &#8211; La guerre de Donald Trump contre la <a href=\"https:\/\/www.huffingtonpost.fr\/international\/article\/pourquoi-donald-trump-menace-de-prendre-le-controle-de-la-ville-de-washington_253464.html\" target=\"_blank\" rel=\"noopener\">capitale am\u00e9ricaine<\/a> ne fait que commencer. La Maison Blanche a annonc\u00e9 mardi 12\u00a0ao\u00fbt \u00e0 l\u2019institution qui g\u00e8re les principaux <a href=\"https:\/\/www.huffingtonpost.fr\/faits-divers\/article\/une-cyberattaque-massive-frappe-ce-grand-musee-parisien-depuis-plusieurs-semaines_253503.html\" target=\"_blank\" rel=\"noopener\">mus\u00e9es<\/a> de Washington que l\u2019administration am\u00e9ricaine allait mener un examen approfondi. Une mani\u00e8re pour elle de s\u2019assurer de leur \u00ab\u00a0alignement\u00a0\u00bb avec la vision de l\u2019Am\u00e9rique pr\u00f4n\u00e9e par <a href=\"https:\/\/www.huffingtonpost.fr\/international\/article\/donald-trump-n-a-pas-choisi-au-hasard-le-nouveau-chef-des-statistiques-des-etats-unis_253492.html\" target=\"_blank\" rel=\"noopener\">le pr\u00e9sident r\u00e9publicain<\/a>.<\/p>\n<p class=\"asset asset-text\">Cet examen, justifi\u00e9 par les festivit\u00e9s autour du 250e anniversaire des \u00c9tats-Unis l\u2019an prochain, selon le courrier que la Maison Blanche a publi\u00e9 sur son site internet, portera sur les expositions, les textes, la conservation ou encore la programmation de huit mus\u00e9es de la capitale g\u00e9r\u00e9s par la Smithsonian Institution.<\/p>\n<p class=\"asset asset-text\">\u00ab\u00a0Cette initiative vise \u00e0 garantir l\u2019alignement avec la directive du pr\u00e9sident pour c\u00e9l\u00e9brer le caract\u00e8re exceptionnel de l\u2019Am\u00e9rique, \u00e0 supprimer les discours clivants ou partisans et \u00e0 restaurer la confiance dans nos institutions culturelles\u00a0\u00bb, peut-on lire dans la missive. \u00ab\u00a0Dans cet esprit et conform\u00e9ment au d\u00e9cret\u00a0\u00bb visant \u00e0 \u00ab\u00a0restaurer la v\u00e9rit\u00e9 et la raison dans l\u2019Histoire am\u00e9ricaine, nous allons mener un examen interne approfondi\u00a0\u00bb, a ajout\u00e9 la lettre dat\u00e9e de mardi.<\/p>\n<p class=\"asset asset-text\">La Maison Blanche fait r\u00e9f\u00e9rence \u00e0 un d\u00e9cret sign\u00e9 en mars visant \u00e0 reprendre le contr\u00f4le du contenu des mus\u00e9es de la Smithsonian, accus\u00e9s de \u00ab\u00a0r\u00e9visionnisme historique\u00a0\u00bb par Donald Trump et d\u2019avoir men\u00e9 au cours de la d\u00e9cennie pass\u00e9e un \u00ab\u00a0endoctrinement id\u00e9ologique\u00a0\u00bb racial.<\/p>\n<p>                     Des mus\u00e9es somm\u00e9s d\u2019apporter des \u00ab\u00a0corrections\u00a0\u00bb    <\/p>\n<p class=\"asset asset-text\">Dans les \u00ab\u00a0120 jours\u00a0\u00bb, soit d\u2019ici le d\u00e9but de 2026, \u00ab\u00a0les mus\u00e9es devraient commencer \u00e0 mettre en \u0153uvre des corrections lorsque cela est n\u00e9cessaire\u00a0\u00bb, anticipe l\u2019administration, notamment \u00ab\u00a0en rempla\u00e7ant les propos clivants ou id\u00e9ologiques par des descriptions qui rassemblent, qui sont historiquement exactes et constructives\u00a0\u00bb.<\/p>\n<p class=\"asset asset-text\">Les \u00e9tablissements concern\u00e9s sont le Mus\u00e9e d\u2019histoire am\u00e9ricaine, le Mus\u00e9e d\u2019histoire naturelle, le Mus\u00e9e national de l\u2019histoire et de la culture afro-am\u00e9ricaines (NMAAHC), le Mus\u00e9e des Indiens d\u2019Am\u00e9rique, le Mus\u00e9e de l\u2019air et de l\u2019espace, le Mus\u00e9e Smithsonian d\u2019art am\u00e9ricain, le National Portrait Gallery et le Hirshhorn Museum and Sculpture Garden.<\/p>\n<p class=\"asset asset-text\">D\u00e9but ao\u00fbt, le <a href=\"https:\/\/www.washingtonpost.com\/entertainment\/2025\/07\/31\/trump-impeachment-smithsonian\/\" target=\"_blank\" rel=\"noopener\" title=\"Nouvelle fen\u00eatre\">Washington Post<\/a> avait rapport\u00e9 que le Mus\u00e9e d\u2019histoire am\u00e9ricaine avait retir\u00e9 d\u2019une salle d\u2019exposition toute r\u00e9f\u00e9rence aux deux proc\u00e9dures de destitution du pr\u00e9sident am\u00e9ricain. Le Mus\u00e9e a plus tard assur\u00e9 que cette r\u00e9f\u00e9rence temporaire avait \u00e9t\u00e9 retir\u00e9e sans aucune demande venue d\u2019en haut.<\/p>\n<p class=\"asset asset-text\">La Smithsonian Institution \u00ab\u00a0passe en revue la lettre\u00a0\u00bb de la Maison Blanche, a-t-elle d\u00e9clar\u00e9 dans un communiqu\u00e9. Mais elle assure poursuivre son travail \u00ab\u00a0fond\u00e9 sur un profond engagement d\u2019excellence acad\u00e9mique, de recherche rigoureuse et la repr\u00e9sentation fiable et factuelle de l\u2019histoire.\u00a0\u00bb<\/p>\n<p class=\"asset asset-text\">Le gouvernement conservateur de Donald Trump s\u2019est engag\u00e9 dans une vaste reprise en main des institutions culturelles sur lesquelles il a de l\u2019influence, des mus\u00e9es aux universit\u00e9s, afin de les expurger de ce qu\u2019il consid\u00e8re \u00eatre des id\u00e9es progressistes, qui mettent en valeur et soutiennent les minorit\u00e9s.<\/p>\n","protected":false},"excerpt":{"rendered":"ANDREW HARNIK \/ Getty Images via AFP Donald\u00a0Trump\u00a0veut que les mus\u00e9es de Washington soient en ad\u00e9quation avec sa&hellip;\n","protected":false},"author":2,"featured_media":236204,"comment_status":"","ping_status":"","sticky":false,"template":"","format":"standard","meta":{"footnotes":""},"categories":[5],"tags":[11,75,73,1011,27,14,3048,12,2744,28],"class_list":{"0":"post-316940","1":"post","2":"type-post","3":"status-publish","4":"format-standard","5":"has-post-thumbnail","7":"category-international","8":"tag-actualites","9":"tag-donald-trump","10":"tag-etats-unis","11":"tag-fr","12":"tag-france","13":"tag-international","14":"tag-musee","15":"tag-news","16":"tag-washington","17":"tag-world"},"share_on_mastodon":{"url":"https:\/\/pubeurope.com\/@fr\/115023057078199231","error":""},"_links":{"self":[{"href":"https:\/\/www.europesays.com\/fr\/wp-json\/wp\/v2\/posts\/316940","targetHints":{"allow":["GET"]}}],"collection":[{"href":"https:\/\/www.europesays.com\/fr\/wp-json\/wp\/v2\/posts"}],"about":[{"href":"https:\/\/www.europesays.com\/fr\/wp-json\/wp\/v2\/types\/post"}],"author":[{"embeddable":true,"href":"https:\/\/www.europesays.com\/fr\/wp-json\/wp\/v2\/users\/2"}],"replies":[{"embeddable":true,"href":"https:\/\/www.europesays.com\/fr\/wp-json\/wp\/v2\/comments?post=316940"}],"version-history":[{"count":0,"href":"https:\/\/www.europesays.com\/fr\/wp-json\/wp\/v2\/posts\/316940\/revisions"}],"wp:featuredmedia":[{"embeddable":true,"href":"https:\/\/www.europesays.com\/fr\/wp-json\/wp\/v2\/media\/236204"}],"wp:attachment":[{"href":"https:\/\/www.europesays.com\/fr\/wp-json\/wp\/v2\/media?parent=316940"}],"wp:term":[{"taxonomy":"category","embeddable":true,"href":"https:\/\/www.europesays.com\/fr\/wp-json\/wp\/v2\/categories?post=316940"},{"taxonomy":"post_tag","embeddable":true,"href":"https:\/\/www.europesays.com\/fr\/wp-json\/wp\/v2\/tags?post=316940"}],"curies":[{"name":"wp","href":"https:\/\/api.w.org\/{rel}","templated":true}]}}