{"id":316941,"date":"2025-08-13T19:15:11","date_gmt":"2025-08-13T19:15:11","guid":{"rendered":"https:\/\/www.europesays.com\/fr\/316941\/"},"modified":"2025-08-13T19:15:11","modified_gmt":"2025-08-13T19:15:11","slug":"y-a-t-il-eu-des-defaillances-dans-le-processus-de-controle-liberation","status":"publish","type":"post","link":"https:\/\/www.europesays.com\/fr\/316941\/","title":{"rendered":"y a-t-il eu des d\u00e9faillances dans le processus de contr\u00f4le\u202f? \u2013 Lib\u00e9ration"},"content":{"rendered":"<p class=\"sc-ksZaOG ehjQrN text-element\">Les autorit\u00e9s de contr\u00f4le ont-elles failli ? En raison de suspicion de contaminations \u00e0 la bact\u00e9rie listeria monocytogenes, des dizaines de <a href=\"https:\/\/www.liberation.fr\/societe\/sante\/camembert-chevre-gorgonzola-plus-de-40-fromages-rappeles-pour-suspicion-de-listeria-20250812_QNMTDQE7VBD2BNUCXUGTULDZTQ\/?redirected=1\" target=\"_blank\" rel=\"noreferrer nofollow noopener\" title=\"https:\/\/www.liberation.fr\/societe\/sante\/camembert-chevre-gorgonzola-plus-de-40-fromages-rappeles-pour-suspicion-de-listeria-20250812_QNMTDQE7VBD2BNUCXUGTULDZTQ\/?redirected=1\">lots de fromages au lait pasteuris\u00e9<\/a> de la fromagerie Chavegrand, situ\u00e9e dans la Creuse, font l\u2019objet d\u2019un rappel depuis samedi 9 ao\u00fbt. A ce jour, une vingtaine de cas de listeriose, une intoxication li\u00e9e \u00e0 ce pathog\u00e8ne, dont deux d\u00e9c\u00e8s, ont \u00e9t\u00e9 recens\u00e9s. Les malades sont \u00e2g\u00e9s de 34 \u00e0 95 ans.<\/p>\n<p class=\"sc-ksZaOG ehjQrN text-element\">Brie, carr\u00e9, camembert, coulommiers, double cr\u00e8me\u2026 40 <a href=\"https:\/\/www.liberation.fr\/lifestyle\/gastronomie\/fromage-fait-maison-ca-rend-chevre-20240914_QUPIAANUAVCHDKZC2RTHZ2M3CE\/\" target=\"_blank\" rel=\"noreferrer nofollow noopener\" title=\"https:\/\/www.liberation.fr\/lifestyle\/gastronomie\/fromage-fait-maison-ca-rend-chevre-20240914_QUPIAANUAVCHDKZC2RTHZ2M3CE\/\">fromages<\/a> sont concern\u00e9s par des rappels, commercialis\u00e9s sous 105 r\u00e9f\u00e9rences et distribu\u00e9s par les g\u00e9ants de la grande distribution, de Carrefour \u00e0 Auchan, en passant par Leclerc et Lidl. \u00abOn a trouv\u00e9 bizarre que tous les fromages soient rappel\u00e9s pour la m\u00eame raison, explique Camille Dorioz, ing\u00e9nieur agrono<\/p>\n","protected":false},"excerpt":{"rendered":"Les autorit\u00e9s de contr\u00f4le ont-elles failli ? En raison de suspicion de contaminations \u00e0 la bact\u00e9rie listeria monocytogenes,&hellip;\n","protected":false},"author":2,"featured_media":316942,"comment_status":"","ping_status":"","sticky":false,"template":"","format":"standard","meta":{"footnotes":""},"categories":[4],"tags":[11,25339,1011,27,10805,12,25],"class_list":{"0":"post-316941","1":"post","2":"type-post","3":"status-publish","4":"format-standard","5":"has-post-thumbnail","7":"category-france","8":"tag-actualites","9":"tag-alimentation-la-recette-pour-tout-changer","10":"tag-fr","11":"tag-france","12":"tag-industries","13":"tag-news","14":"tag-republique-francaise"},"share_on_mastodon":{"url":"https:\/\/pubeurope.com\/@fr\/115023061002711141","error":""},"_links":{"self":[{"href":"https:\/\/www.europesays.com\/fr\/wp-json\/wp\/v2\/posts\/316941","targetHints":{"allow":["GET"]}}],"collection":[{"href":"https:\/\/www.europesays.com\/fr\/wp-json\/wp\/v2\/posts"}],"about":[{"href":"https:\/\/www.europesays.com\/fr\/wp-json\/wp\/v2\/types\/post"}],"author":[{"embeddable":true,"href":"https:\/\/www.europesays.com\/fr\/wp-json\/wp\/v2\/users\/2"}],"replies":[{"embeddable":true,"href":"https:\/\/www.europesays.com\/fr\/wp-json\/wp\/v2\/comments?post=316941"}],"version-history":[{"count":0,"href":"https:\/\/www.europesays.com\/fr\/wp-json\/wp\/v2\/posts\/316941\/revisions"}],"wp:featuredmedia":[{"embeddable":true,"href":"https:\/\/www.europesays.com\/fr\/wp-json\/wp\/v2\/media\/316942"}],"wp:attachment":[{"href":"https:\/\/www.europesays.com\/fr\/wp-json\/wp\/v2\/media?parent=316941"}],"wp:term":[{"taxonomy":"category","embeddable":true,"href":"https:\/\/www.europesays.com\/fr\/wp-json\/wp\/v2\/categories?post=316941"},{"taxonomy":"post_tag","embeddable":true,"href":"https:\/\/www.europesays.com\/fr\/wp-json\/wp\/v2\/tags?post=316941"}],"curies":[{"name":"wp","href":"https:\/\/api.w.org\/{rel}","templated":true}]}}