{"id":316945,"date":"2025-08-13T19:17:22","date_gmt":"2025-08-13T19:17:22","guid":{"rendered":"https:\/\/www.europesays.com\/fr\/316945\/"},"modified":"2025-08-13T19:17:22","modified_gmt":"2025-08-13T19:17:22","slug":"la-trilogie-du-cerisier-noir","status":"publish","type":"post","link":"https:\/\/www.europesays.com\/fr\/316945\/","title":{"rendered":"la trilogie du Cerisier noir"},"content":{"rendered":"<blockquote class=\"question\"><p>Quand a d\u00e9marr\u00e9 votre envie d\u2019\u00e9crire\u00a0?<\/p><\/blockquote>\n<p>\u00ab\u00a0J\u2019\u00e9cris des po\u00e8mes depuis l\u2019\u00e2ge de 10 ans. \u00c0 20 ans, j\u2019ai cr\u00e9\u00e9 un personnage, Beth Stenford. C\u2019est \u00e0 ce moment-l\u00e0 que j\u2019ai commenc\u00e9 \u00e0 \u00e9crire une histoire, qui est rest\u00e9e au fond d\u2019un carton pendant des ann\u00e9es, et qui sera r\u00e9ouvert, par hasard, dix-sept ans plus tard, en 2017.<\/p>\n<p>Je ne crois pas aux hasards, mais plut\u00f4t aux synchronicit\u00e9s que nous offre la vie. \u00c0 partir de ce moment-l\u00e0, je m\u2019accroche \u00e0 mon r\u00eave\u00a0: \u00e9crire un roman. En novembre\u00a02017, je sors mon premier roman Le Cerisier noir qui, je ne le sais pas encore \u00e0 ce moment-l\u00e0, deviendra une trilogie.\u00a0\u00bb<\/p>\n<blockquote class=\"question\"><p>Quelle est l\u2019histoire de ces trois\u00a0livres\u00a0?<\/p><\/blockquote>\n<p>\u00ab\u00a0Le premier tome, En qu\u00eate d\u2019identit\u00e9 , peut \u00eatre lu sans&#8230;<\/p>\n","protected":false},"excerpt":{"rendered":"Quand a d\u00e9marr\u00e9 votre envie d\u2019\u00e9crire\u00a0? \u00ab\u00a0J\u2019\u00e9cris des po\u00e8mes depuis l\u2019\u00e2ge de 10 ans. \u00c0 20 ans, j\u2019ai&hellip;\n","protected":false},"author":2,"featured_media":316946,"comment_status":"","ping_status":"","sticky":false,"template":"","format":"standard","meta":{"footnotes":""},"categories":[9653],"tags":[1111,11,2430,1687,7539,1777,674,1011,27,2410,12,25,12490,12491,4001],"class_list":{"0":"post-316945","1":"post","2":"type-post","3":"status-publish","4":"format-standard","5":"has-post-thumbnail","7":"category-saint-etienne","8":"tag-actu","9":"tag-actualites","10":"tag-auvergne-rhone-alpes","11":"tag-culture-loisirs","12":"tag-edition-loire-sud","13":"tag-eu","14":"tag-europe","15":"tag-fr","16":"tag-france","17":"tag-livres-bd","18":"tag-news","19":"tag-republique-francaise","20":"tag-roche-la-moliere","21":"tag-roche-la-moliere-bassin","22":"tag-saint-etienne"},"share_on_mastodon":{"url":"https:\/\/pubeurope.com\/@fr\/115023068883370654","error":""},"_links":{"self":[{"href":"https:\/\/www.europesays.com\/fr\/wp-json\/wp\/v2\/posts\/316945","targetHints":{"allow":["GET"]}}],"collection":[{"href":"https:\/\/www.europesays.com\/fr\/wp-json\/wp\/v2\/posts"}],"about":[{"href":"https:\/\/www.europesays.com\/fr\/wp-json\/wp\/v2\/types\/post"}],"author":[{"embeddable":true,"href":"https:\/\/www.europesays.com\/fr\/wp-json\/wp\/v2\/users\/2"}],"replies":[{"embeddable":true,"href":"https:\/\/www.europesays.com\/fr\/wp-json\/wp\/v2\/comments?post=316945"}],"version-history":[{"count":0,"href":"https:\/\/www.europesays.com\/fr\/wp-json\/wp\/v2\/posts\/316945\/revisions"}],"wp:featuredmedia":[{"embeddable":true,"href":"https:\/\/www.europesays.com\/fr\/wp-json\/wp\/v2\/media\/316946"}],"wp:attachment":[{"href":"https:\/\/www.europesays.com\/fr\/wp-json\/wp\/v2\/media?parent=316945"}],"wp:term":[{"taxonomy":"category","embeddable":true,"href":"https:\/\/www.europesays.com\/fr\/wp-json\/wp\/v2\/categories?post=316945"},{"taxonomy":"post_tag","embeddable":true,"href":"https:\/\/www.europesays.com\/fr\/wp-json\/wp\/v2\/tags?post=316945"}],"curies":[{"name":"wp","href":"https:\/\/api.w.org\/{rel}","templated":true}]}}