{"id":316949,"date":"2025-08-13T19:19:11","date_gmt":"2025-08-13T19:19:11","guid":{"rendered":"https:\/\/www.europesays.com\/fr\/316949\/"},"modified":"2025-08-13T19:19:11","modified_gmt":"2025-08-13T19:19:11","slug":"sept-artistes-lorrains-exposent-au-palais-des-congres-jusqua-dimanche","status":"publish","type":"post","link":"https:\/\/www.europesays.com\/fr\/316949\/","title":{"rendered":"sept artistes lorrains exposent au palais des congr\u00e8s jusqu\u2019\u00e0 dimanche"},"content":{"rendered":"<p>Jusqu\u2019\u00e0 dimanche, pas moins de sept artistes lorrains investissent le rez-de-chauss\u00e9e du parc des expositions. Dans l\u2019entresol menant \u00e0 l\u2019amphith\u00e9\u00e2tre, la Lamarchoise Danielle Peter pr\u00e9sente ses aquarelles au c\u00f4t\u00e9 de son \u00ab\u00a0compagnon d\u2019aventure\u00a0\u00bb, le sculpteur Andr\u00e9 Poret.<\/p>\n<p>Ce contenu est bloqu\u00e9 car vous n&rsquo;avez pas accept\u00e9 les cookies et autres traceurs.<\/p>\n<p>En cliquant sur \u00ab J\u2019accepte \u00bb, les cookies et autres traceurs seront d\u00e9pos\u00e9s et vous pourrez visualiser les contenus  (<a href=\"\" class=\"consentModule_policy\" target=\"_blank\" title=\"Consulter la politique de protection des donn\u00e9es du fournisseur\">plus d&rsquo;informations<\/a>).<\/p>\n<p>En cliquant sur \u00ab J\u2019accepte tous les cookies \u00bb, vous autorisez des d\u00e9p\u00f4ts de cookies et autres traceurs pour le stockage de vos donn\u00e9es sur nos sites et applications \u00e0 des fins de personnalisation et de ciblage publicitaire.<\/p>\n<p class=\"consentModule_secondaryText\">Vous gardez la possibilit\u00e9 de retirer votre consentement \u00e0 tout moment en consultant notre <a href=\"https:\/\/www.vosgesmatin.fr\/protection-des-donnees\" target=\"_blank\" title=\"Consulter notre politique de protection des donn\u00e9es\" rel=\"noopener\">politique de protection des donn\u00e9es<\/a>. <br \/>&#13;<br \/>\n            <a href=\"https:\/\/www.vosgesmatin.fr\/culture-loisirs\/2025\/08\/13\/javascript:Didomi.notice.show()\" class=\"consentModule_cmp\" target=\"_blank\" rel=\"noopener\">G\u00e9rer mes choix<\/a>&#13;\n        <\/p>\n<p>&#13;<br \/>\n                        J&rsquo;accepte&#13;<br \/>\n            J&rsquo;accepte tous les cookies&#13;\n        <\/p>\n<p>Dans la salle Walwein, la Spinalienne Thelma Senga expose, elle, ses photographies retouch\u00e9es \u00e0 base de collages, alors qu\u2019en face, dans la salle C\u00e9sar, Jean-No\u00ebl Ducat d\u2019Harsault peint en direct son dernier tableau figuratif. Enfin, l\u2019espace Vitellius est occup\u00e9 par un trio\u00a0: le peintre autodidacte Marcel Renard de Moncel-sur-Vair, la photographe g\u00e9romoise Phanera ainsi que la seule non-Vosgienne de cet ensemble\u00a0: la Nanc\u00e9ienne Policella-Ferry Claire avec ses cr\u00e9ations en papier.\u00a0A d\u00e9couvrir avant qu\u2019il ne soit trop tard.<\/p>\n","protected":false},"excerpt":{"rendered":"Jusqu\u2019\u00e0 dimanche, pas moins de sept artistes lorrains investissent le rez-de-chauss\u00e9e du parc des expositions. Dans l\u2019entresol menant&hellip;\n","protected":false},"author":2,"featured_media":316950,"comment_status":"","ping_status":"","sticky":false,"template":"","format":"standard","meta":{"footnotes":""},"categories":[9635],"tags":[1111,11,1687,1797,1777,674,2271,1011,27,775,1702,12,25,2225,2226],"class_list":{"0":"post-316949","1":"post","2":"type-post","3":"status-publish","4":"format-standard","5":"has-post-thumbnail","7":"category-nancy","8":"tag-actu","9":"tag-actualites","10":"tag-culture-loisirs","11":"tag-edition-la-plaine","12":"tag-eu","13":"tag-europe","14":"tag-exposition-arts-plastiques","15":"tag-fr","16":"tag-france","17":"tag-grand-est","18":"tag-nancy","19":"tag-news","20":"tag-republique-francaise","21":"tag-vittel","22":"tag-vittel-contrexeville-ville-88a"},"share_on_mastodon":{"url":"https:\/\/pubeurope.com\/@fr\/115023076681019756","error":""},"_links":{"self":[{"href":"https:\/\/www.europesays.com\/fr\/wp-json\/wp\/v2\/posts\/316949","targetHints":{"allow":["GET"]}}],"collection":[{"href":"https:\/\/www.europesays.com\/fr\/wp-json\/wp\/v2\/posts"}],"about":[{"href":"https:\/\/www.europesays.com\/fr\/wp-json\/wp\/v2\/types\/post"}],"author":[{"embeddable":true,"href":"https:\/\/www.europesays.com\/fr\/wp-json\/wp\/v2\/users\/2"}],"replies":[{"embeddable":true,"href":"https:\/\/www.europesays.com\/fr\/wp-json\/wp\/v2\/comments?post=316949"}],"version-history":[{"count":0,"href":"https:\/\/www.europesays.com\/fr\/wp-json\/wp\/v2\/posts\/316949\/revisions"}],"wp:featuredmedia":[{"embeddable":true,"href":"https:\/\/www.europesays.com\/fr\/wp-json\/wp\/v2\/media\/316950"}],"wp:attachment":[{"href":"https:\/\/www.europesays.com\/fr\/wp-json\/wp\/v2\/media?parent=316949"}],"wp:term":[{"taxonomy":"category","embeddable":true,"href":"https:\/\/www.europesays.com\/fr\/wp-json\/wp\/v2\/categories?post=316949"},{"taxonomy":"post_tag","embeddable":true,"href":"https:\/\/www.europesays.com\/fr\/wp-json\/wp\/v2\/tags?post=316949"}],"curies":[{"name":"wp","href":"https:\/\/api.w.org\/{rel}","templated":true}]}}