{"id":316951,"date":"2025-08-13T19:20:19","date_gmt":"2025-08-13T19:20:19","guid":{"rendered":"https:\/\/www.europesays.com\/fr\/316951\/"},"modified":"2025-08-13T19:20:19","modified_gmt":"2025-08-13T19:20:19","slug":"pronostic-nancy-us-boulogne-ligue-2","status":"publish","type":"post","link":"https:\/\/www.europesays.com\/fr\/316951\/","title":{"rendered":"Pronostic Nancy US Boulogne &#8211; Ligue 2"},"content":{"rendered":"<p class=\"text-xs leading-5 text-gray-400 mb-2\">\n                        Publi\u00e9 le 13\/08\/2025 13:00<br \/>\n                        \u00a0par<br \/>\n                                                            <a href=\"https:\/\/www.sportytrader.com\/auteur\/steeven-occhipinti-1\/\" target=\"_blank\" rel=\"noopener\">Steeven Occhipinti<\/a><\/p>\n<p>                                                                                                            dans<br \/>\n                                <a data-trans=\"tips.published.competition %competition%\" href=\"https:\/\/www.sportytrader.com\/pronostics\/football\/france\/ligue-2-124\/\" target=\"_blank\" rel=\"noopener\"><br \/>\n                                    Pronostic Ligue 2<br \/>\n                                <\/a><\/p>\n<p style=\"text-align: justify;\">Pour cette 2e journ\u00e9e de la Ligue 2, l&rsquo;AS Nancy-Lorraine retrouve l&rsquo;US Boulogne ce vendredi \u00e0 20h00 au Stade Marcel-Picot. Ces deux \u00e9curies \u00e9voluaient encore en National 1 lors du dernier exercice et chercheront d\u00e9sormais \u00e0 se maintenir en deuxi\u00e8me division tricolore. Tr\u00e8s solide durant sa pr\u00e9paration estivale, avec 3 succ\u00e8s en 5 rencontres amicales, l&rsquo;AS Nancy-Lorraine n&rsquo;a pas lev\u00e9 le pied pour ses d\u00e9buts en Ligue 2. La semaine pass\u00e9e, le club nanc\u00e9ien est parvenu \u00e0 accrocher le Rodez AF en d\u00e9placement (0-0). L&rsquo;\u00e9quipe entra\u00een\u00e9e par Pablo Correa aura dor\u00e9navant pour ambition de briller pour sa premi\u00e8re de la saison devant ses fans.<\/p>\n<p style=\"text-align: justify;\">L&rsquo;\u00e9t\u00e9 a \u00e9t\u00e9 bien plus mouvement\u00e9 pour l&rsquo;US Boulogne, puisqu&rsquo;elle a su tr\u00e8s tard qu&rsquo;elle allait monter en Ligue 2, malgr\u00e9 sa d\u00e9faite en barrages de mont\u00e9e. Le club boulonnais a pris la place de l&rsquo;AC Ajaccio, rel\u00e9gu\u00e9 administrativement en National 1. Il a d&rsquo;ailleurs vu sa 1re journ\u00e9e \u00eatre report\u00e9e face au SC Bastia. C&rsquo;est donc ce vendredi qu&rsquo;il va faire ses d\u00e9buts dans cette nouvelle \u00e9dition. Les hommes de Fabien Dagneaux n&rsquo;ont remport\u00e9 que 2 de leurs 8 rencontres de pr\u00e9paration. Ils pourraient avoir du mal \u00e0 briller pour leur entr\u00e9e en lice sur la pelouse de l&rsquo;AS Nancy-Lorraine.<\/p>\n","protected":false},"excerpt":{"rendered":"Publi\u00e9 le 13\/08\/2025 13:00 \u00a0par Steeven Occhipinti dans Pronostic Ligue 2 Pour cette 2e journ\u00e9e de la Ligue&hellip;\n","protected":false},"author":2,"featured_media":316952,"comment_status":"","ping_status":"","sticky":false,"template":"","format":"standard","meta":{"footnotes":""},"categories":[9635],"tags":[1111,11,1777,674,1011,27,775,446,1702,12,1817,1821,25,45541],"class_list":{"0":"post-316951","1":"post","2":"type-post","3":"status-publish","4":"format-standard","5":"has-post-thumbnail","7":"category-nancy","8":"tag-actu","9":"tag-actualites","10":"tag-eu","11":"tag-europe","12":"tag-fr","13":"tag-france","14":"tag-grand-est","15":"tag-ligue-2","16":"tag-nancy","17":"tag-news","18":"tag-pronostic","19":"tag-pronostics","20":"tag-republique-francaise","21":"tag-us-boulogne"},"share_on_mastodon":{"url":"https:\/\/pubeurope.com\/@fr\/115023080612504689","error":""},"_links":{"self":[{"href":"https:\/\/www.europesays.com\/fr\/wp-json\/wp\/v2\/posts\/316951","targetHints":{"allow":["GET"]}}],"collection":[{"href":"https:\/\/www.europesays.com\/fr\/wp-json\/wp\/v2\/posts"}],"about":[{"href":"https:\/\/www.europesays.com\/fr\/wp-json\/wp\/v2\/types\/post"}],"author":[{"embeddable":true,"href":"https:\/\/www.europesays.com\/fr\/wp-json\/wp\/v2\/users\/2"}],"replies":[{"embeddable":true,"href":"https:\/\/www.europesays.com\/fr\/wp-json\/wp\/v2\/comments?post=316951"}],"version-history":[{"count":0,"href":"https:\/\/www.europesays.com\/fr\/wp-json\/wp\/v2\/posts\/316951\/revisions"}],"wp:featuredmedia":[{"embeddable":true,"href":"https:\/\/www.europesays.com\/fr\/wp-json\/wp\/v2\/media\/316952"}],"wp:attachment":[{"href":"https:\/\/www.europesays.com\/fr\/wp-json\/wp\/v2\/media?parent=316951"}],"wp:term":[{"taxonomy":"category","embeddable":true,"href":"https:\/\/www.europesays.com\/fr\/wp-json\/wp\/v2\/categories?post=316951"},{"taxonomy":"post_tag","embeddable":true,"href":"https:\/\/www.europesays.com\/fr\/wp-json\/wp\/v2\/tags?post=316951"}],"curies":[{"name":"wp","href":"https:\/\/api.w.org\/{rel}","templated":true}]}}