{"id":316953,"date":"2025-08-13T19:21:09","date_gmt":"2025-08-13T19:21:09","guid":{"rendered":"https:\/\/www.europesays.com\/fr\/316953\/"},"modified":"2025-08-13T19:21:09","modified_gmt":"2025-08-13T19:21:09","slug":"le-candidat-a-la-mairie-eddie-goujit-mis-en-examen-et-place-en-detention-provisoire","status":"publish","type":"post","link":"https:\/\/www.europesays.com\/fr\/316953\/","title":{"rendered":"le candidat \u00e0 la mairie Eddie Goujit mis en examen et plac\u00e9 en d\u00e9tention provisoire"},"content":{"rendered":"<p>Il avait \u00e9t\u00e9 interpell\u00e9 et plac\u00e9 en garde \u00e0 vue en d\u00e9but de semaine.<\/p>\n<p><a href=\"https:\/\/www.bfmtv.com\/var\/accusations-d-escroquerie-d-usurpation-de-fonction-eddie-goujit-candidat-a-la-mairie-de-toulon-en-garde-a-vue_AN-202508120302.html\" title=\"INFO BFM TOULON VAR. Accusations d&#039;escroquerie, d&#039;usurpation de fonction: Eddie Goujit, candidat \u00e0 la mairie de Toulon, en garde \u00e0 vue\" class=\"internal_link\" rel=\"nofollow noopener\" target=\"_blank\">Eddie Goujit<\/a> a \u00e9t\u00e9 mis en examen des chefs de \u00ab\u00a0faux et usage de faux\u00a0\u00bb, \u00ab\u00a0usurpation de titres\u00a0\u00bb, \u00ab\u00a0tentatives d\u2019escroqueries\u00a0\u00bb, \u00ab\u00a0escroqueries\u00a0\u00bb, et \u00ab\u00a0vols\u00a0\u00bb commis entre f\u00e9vrier 2023 et juillet 2025, a appris BFM Toulon Var. Il a \u00e9t\u00e9 plac\u00e9 en d\u00e9tention provisoire par le juge des libert\u00e9s et de la d\u00e9tention.<\/p>\n","protected":false},"excerpt":{"rendered":"Il avait \u00e9t\u00e9 interpell\u00e9 et plac\u00e9 en garde \u00e0 vue en d\u00e9but de semaine. Eddie Goujit a \u00e9t\u00e9&hellip;\n","protected":false},"author":2,"featured_media":313806,"comment_status":"","ping_status":"","sticky":false,"template":"","format":"standard","meta":{"footnotes":""},"categories":[9619],"tags":[1111,11,1777,674,1011,27,12,882,25,2310],"class_list":{"0":"post-316953","1":"post","2":"type-post","3":"status-publish","4":"format-standard","5":"has-post-thumbnail","7":"category-toulon","8":"tag-actu","9":"tag-actualites","10":"tag-eu","11":"tag-europe","12":"tag-fr","13":"tag-france","14":"tag-news","15":"tag-provence-alpes-cote-dazur","16":"tag-republique-francaise","17":"tag-toulon"},"share_on_mastodon":{"url":"https:\/\/pubeurope.com\/@fr\/115023084505650689","error":""},"_links":{"self":[{"href":"https:\/\/www.europesays.com\/fr\/wp-json\/wp\/v2\/posts\/316953","targetHints":{"allow":["GET"]}}],"collection":[{"href":"https:\/\/www.europesays.com\/fr\/wp-json\/wp\/v2\/posts"}],"about":[{"href":"https:\/\/www.europesays.com\/fr\/wp-json\/wp\/v2\/types\/post"}],"author":[{"embeddable":true,"href":"https:\/\/www.europesays.com\/fr\/wp-json\/wp\/v2\/users\/2"}],"replies":[{"embeddable":true,"href":"https:\/\/www.europesays.com\/fr\/wp-json\/wp\/v2\/comments?post=316953"}],"version-history":[{"count":0,"href":"https:\/\/www.europesays.com\/fr\/wp-json\/wp\/v2\/posts\/316953\/revisions"}],"wp:featuredmedia":[{"embeddable":true,"href":"https:\/\/www.europesays.com\/fr\/wp-json\/wp\/v2\/media\/313806"}],"wp:attachment":[{"href":"https:\/\/www.europesays.com\/fr\/wp-json\/wp\/v2\/media?parent=316953"}],"wp:term":[{"taxonomy":"category","embeddable":true,"href":"https:\/\/www.europesays.com\/fr\/wp-json\/wp\/v2\/categories?post=316953"},{"taxonomy":"post_tag","embeddable":true,"href":"https:\/\/www.europesays.com\/fr\/wp-json\/wp\/v2\/tags?post=316953"}],"curies":[{"name":"wp","href":"https:\/\/api.w.org\/{rel}","templated":true}]}}