{"id":316954,"date":"2025-08-13T19:22:11","date_gmt":"2025-08-13T19:22:11","guid":{"rendered":"https:\/\/www.europesays.com\/fr\/316954\/"},"modified":"2025-08-13T19:22:11","modified_gmt":"2025-08-13T19:22:11","slug":"escroqueries-usurpation-de-titres-eddie-goujit-candidat-a-la-mairie-de-toulon-est-place-en-detention-provisoire","status":"publish","type":"post","link":"https:\/\/www.europesays.com\/fr\/316954\/","title":{"rendered":"\u00ab\u00a0Escroqueries\u00a0\u00bb, \u00ab\u00a0usurpation de titres\u00a0\u00bb\u2026 Eddie Goujit, candidat \u00e0 la mairie de Toulon, est plac\u00e9 en d\u00e9tention provisoire"},"content":{"rendered":"<p>\n                                                                    l&rsquo;essentiel<br \/>\n                                                                \u00ab\u00a0Faux et usage de faux\u00a0\u00bb, \u00ab\u00a0vols\u00a0\u00bb\u2026\u00a0Eddie Goujit, candidat aux municipales de Toulon (Var) en 2026, a \u00e9t\u00e9 mis en examen et plac\u00e9 en d\u00e9tention provisoire mercredi 13\u00a0ao\u00fbt.\n                            <\/p>\n<p>Eddie Goujit, le candidat d\u00e9clar\u00e9 \u00e0 la mairie de Toulon (Var) en 2026, \u00e2g\u00e9 de 18 ans, a \u00e9t\u00e9 <a href=\"https:\/\/www.ladepeche.fr\/actu\/justice\/\" target=\"_self\" rel=\"nofollow noopener\">mis en examen<\/a>\u00a0et plac\u00e9 en d\u00e9tention provisoire mercredi 13\u00a0ao\u00fbt.<\/p>\n<p>Les faits qui lui sont reproch\u00e9s sont nombreux\u00a0: \u00ab\u00a0faux et usage de faux\u00a0\u00bb, \u00ab\u00a0usurpation de titres\u00a0\u00bb, \u00ab\u00a0tentatives d\u2019escroqueries\u00a0\u00bb, \u00ab\u00a0escroqueries\u00a0\u00bb, et \u00ab\u00a0vols\u00a0\u00bb commis entre f\u00e9vrier\u00a02023 et juillet\u00a02025, a appris <a href=\"https:\/\/www.bfmtv.com\/var\/toulon-eddie-goujit-candidat-a-la-mairie-mis-en-examen-et-place-en-detention-provisoire_AN-202508130471.html\" target=\"_self\" rel=\"nofollow noopener\">BFM Toulon Var<\/a>.<\/p>\n<p>Eddie Goujit avait\u00a0\u00e9t\u00e9 plac\u00e9 en garde \u00e0 vue lundi 11\u00a0ao\u00fbt.\u00a0Il \u00e9tait recherch\u00e9 depuis plusieurs mois, notamment \u00e0 la suite de\u00a0plaintes d\u00e9pos\u00e9es par le conseil r\u00e9gional de <a href=\"https:\/\/www.ladepeche.fr\/provence-alpes-cote-dazur\/\" target=\"_self\" rel=\"nofollow noopener\">Provence-Alpes-C\u00f4te d\u2019Azur<\/a>, dite \u00ab\u00a0R\u00e9gion Sud\u00a0\u00bb, et d\u2019autres institutions ou victimes, relate <a href=\"https:\/\/france3-regions.franceinfo.fr\/provence-alpes-cote-d-azur\/var\/un-usurpateur-presume-d-identites-recherche-depuis-plusieurs-mois-pour-escroqueries-est-en-garde-a-vue-a-toulon-3201246.html\" target=\"_self\" rel=\"nofollow noopener\">France 3 C\u00f4te d&rsquo;Azur<\/a>.<\/p>\n<p class=\"std-elt__inline\">\n        <strong>\u00c0 lire aussi :<\/strong><br \/>\n        <a href=\"https:\/\/www.ladepeche.fr\/2025\/06\/21\/les-usurpations-didentite-en-hausse-de-700-avec-les-deepfakes-dopees-a-lintelligence-artificielle-12775460.php\" rel=\"nofollow noopener\" target=\"_blank\">Les usurpations d\u2019identit\u00e9 en hausse de 700\u00a0% avec les deepfakes dop\u00e9es \u00e0 l\u2019intelligence artificielle<\/a>\n    <\/p>\n<p>Un usage de fausses identit\u00e9s<\/p>\n<p>Le jeune homme aurait notamment utilis\u00e9 plusieurs identit\u00e9s fictives. Par exemple, d\u2019apr\u00e8s une information du\u00a0<a href=\"https:\/\/www.lefigaro.fr\/marseille\/usurpation-d-identite-escroquerie-et-mensonges-un-faux-elu-de-la-region-paca-en-garde-a-vue-20250813\" target=\"_self\" rel=\"nofollow noopener\">Figaro<\/a>, Eddie Goujit est accus\u00e9 de s\u2019\u00eatre fait passer\u00a0pour un repr\u00e9sentant officiel de Renaud Muselier, le pr\u00e9sident de la R\u00e9gion Sud.<\/p>\n<p>Sous cette fausse identit\u00e9, il\u00a0aurait assist\u00e9 \u00e0 un spectacle organis\u00e9 par une association \u00e0 Vence, dans les Alpes-Maritimes, et aurait indiqu\u00e9 que la facture du d\u00e9jeuner devait \u00eatre adress\u00e9e \u00e0 la r\u00e9gion.<\/p>\n","protected":false},"excerpt":{"rendered":"l&rsquo;essentiel \u00ab\u00a0Faux et usage de faux\u00a0\u00bb, \u00ab\u00a0vols\u00a0\u00bb\u2026\u00a0Eddie Goujit, candidat aux municipales de Toulon (Var) en 2026, a \u00e9t\u00e9&hellip;\n","protected":false},"author":2,"featured_media":316955,"comment_status":"","ping_status":"","sticky":false,"template":"","format":"standard","meta":{"footnotes":""},"categories":[9619],"tags":[1111,11,1777,674,1011,27,12,882,25,2310],"class_list":{"0":"post-316954","1":"post","2":"type-post","3":"status-publish","4":"format-standard","5":"has-post-thumbnail","7":"category-toulon","8":"tag-actu","9":"tag-actualites","10":"tag-eu","11":"tag-europe","12":"tag-fr","13":"tag-france","14":"tag-news","15":"tag-provence-alpes-cote-dazur","16":"tag-republique-francaise","17":"tag-toulon"},"share_on_mastodon":{"url":"https:\/\/pubeurope.com\/@fr\/115023088463365512","error":""},"_links":{"self":[{"href":"https:\/\/www.europesays.com\/fr\/wp-json\/wp\/v2\/posts\/316954","targetHints":{"allow":["GET"]}}],"collection":[{"href":"https:\/\/www.europesays.com\/fr\/wp-json\/wp\/v2\/posts"}],"about":[{"href":"https:\/\/www.europesays.com\/fr\/wp-json\/wp\/v2\/types\/post"}],"author":[{"embeddable":true,"href":"https:\/\/www.europesays.com\/fr\/wp-json\/wp\/v2\/users\/2"}],"replies":[{"embeddable":true,"href":"https:\/\/www.europesays.com\/fr\/wp-json\/wp\/v2\/comments?post=316954"}],"version-history":[{"count":0,"href":"https:\/\/www.europesays.com\/fr\/wp-json\/wp\/v2\/posts\/316954\/revisions"}],"wp:featuredmedia":[{"embeddable":true,"href":"https:\/\/www.europesays.com\/fr\/wp-json\/wp\/v2\/media\/316955"}],"wp:attachment":[{"href":"https:\/\/www.europesays.com\/fr\/wp-json\/wp\/v2\/media?parent=316954"}],"wp:term":[{"taxonomy":"category","embeddable":true,"href":"https:\/\/www.europesays.com\/fr\/wp-json\/wp\/v2\/categories?post=316954"},{"taxonomy":"post_tag","embeddable":true,"href":"https:\/\/www.europesays.com\/fr\/wp-json\/wp\/v2\/tags?post=316954"}],"curies":[{"name":"wp","href":"https:\/\/api.w.org\/{rel}","templated":true}]}}