{"id":316960,"date":"2025-08-13T19:30:27","date_gmt":"2025-08-13T19:30:27","guid":{"rendered":"https:\/\/www.europesays.com\/fr\/316960\/"},"modified":"2025-08-13T19:30:27","modified_gmt":"2025-08-13T19:30:27","slug":"laval-sur-quelle-chaine-voir-le-match-de-ligue-2","status":"publish","type":"post","link":"https:\/\/www.europesays.com\/fr\/316960\/","title":{"rendered":"Laval : sur quelle cha\u00eene voir le match de Ligue 2 ?"},"content":{"rendered":"<p>Toujours en qu\u00eate d\u2019une premi\u00e8re victoire, Grenoble et Laval, deux formations habitu\u00e9es \u00e0 la premi\u00e8re partie de tableau, vont se livrer un duel attendu. Suivez le guide pour ne rien manquer de cette rencontre de la deuxi\u00e8me journ\u00e9e de Ligue 2.<\/p>\n<p><strong>O\u00f9 suivre le match<\/strong> Grenoble \u2013 Laval ?<\/p>\n<p><strong>1-\u00a0<\/strong>Au Stade des Alpes (Grenoble) \u2013\u00a0Le coup d\u2019envoi sera lui donn\u00e9 <strong>le vendredi 15 ao\u00fbt \u00e0 20 heures.<\/strong> Et environ 4 000 \u00e0 5 000 personnes sont attendues dans l\u2019enceinte is\u00e9roise, alors que des supporters lavallois feront \u00e9galement le d\u00e9placement.<\/p>\n<p><strong>2-<\/strong>\u00a0Pour suivre la rencontre dans son int\u00e9gralit\u00e9, rendez-vous\u00a0<strong>\u00e0 partir de 19h55 sur beIN Sports<\/strong>\u00a0<strong>max 8<\/strong>, diffuseur unique de la rencontre. Le match sera pr\u00e9c\u00e9d\u00e9 d\u2019un avant-match pour pr\u00e9senter les enjeux du multiplex et suivi d\u2019un apr\u00e8s-match avec les premi\u00e8res r\u00e9actions des diff\u00e9rents acteurs sur beIN Sports 1.<\/p>\n<p><img loading=\"lazy\" decoding=\"async\" width=\"850\" height=\"567\" src=\"https:\/\/www.europesays.com\/fr\/wp-content\/uploads\/2025\/08\/ICONSPORT_169791_0065.jpg\" alt=\"BeIN Sports Ligue 2\" class=\"wp-image-360796\"  \/>Xavier Grimaldi\/Icon Sport<\/p>\n<p><a href=\"https:\/\/boutique.canalplus.com\/produits\/BEINCNCT\/bein-sports-connect\/1\" target=\"_blank\" rel=\"noreferrer noopener nofollow\">Souscrivez \u00e0 beIN Sports Connec<\/a>t \u00e0 partir de 15 euros par mois pour avoir acc\u00e8s \u00e0 100% des matches de Ligue 2, du vendredi 20 heures jusqu\u2019au lundi 20h45, auxquels il faut ajouter l\u2019affiche de Ligue 1, le samedi \u00e0 17 heures.<\/p>\n<p>Cr\u00e9dits photo : Christophe Saidi\/FEP\/<a href=\"https:\/\/www.iconsport.photo\/\" target=\"_blank\" rel=\"noopener nofollow\">Icon Sport<\/a><\/p>\n","protected":false},"excerpt":{"rendered":"Toujours en qu\u00eate d\u2019une premi\u00e8re victoire, Grenoble et Laval, deux formations habitu\u00e9es \u00e0 la premi\u00e8re partie de tableau,&hellip;\n","protected":false},"author":2,"featured_media":316961,"comment_status":"","ping_status":"","sticky":false,"template":"","format":"standard","meta":{"footnotes":""},"categories":[9566],"tags":[1111,11,2430,1777,674,1011,27,2731,12,25],"class_list":{"0":"post-316960","1":"post","2":"type-post","3":"status-publish","4":"format-standard","5":"has-post-thumbnail","7":"category-grenoble","8":"tag-actu","9":"tag-actualites","10":"tag-auvergne-rhone-alpes","11":"tag-eu","12":"tag-europe","13":"tag-fr","14":"tag-france","15":"tag-grenoble","16":"tag-news","17":"tag-republique-francaise"},"share_on_mastodon":{"url":"https:\/\/pubeurope.com\/@fr\/115023119896164458","error":""},"_links":{"self":[{"href":"https:\/\/www.europesays.com\/fr\/wp-json\/wp\/v2\/posts\/316960","targetHints":{"allow":["GET"]}}],"collection":[{"href":"https:\/\/www.europesays.com\/fr\/wp-json\/wp\/v2\/posts"}],"about":[{"href":"https:\/\/www.europesays.com\/fr\/wp-json\/wp\/v2\/types\/post"}],"author":[{"embeddable":true,"href":"https:\/\/www.europesays.com\/fr\/wp-json\/wp\/v2\/users\/2"}],"replies":[{"embeddable":true,"href":"https:\/\/www.europesays.com\/fr\/wp-json\/wp\/v2\/comments?post=316960"}],"version-history":[{"count":0,"href":"https:\/\/www.europesays.com\/fr\/wp-json\/wp\/v2\/posts\/316960\/revisions"}],"wp:featuredmedia":[{"embeddable":true,"href":"https:\/\/www.europesays.com\/fr\/wp-json\/wp\/v2\/media\/316961"}],"wp:attachment":[{"href":"https:\/\/www.europesays.com\/fr\/wp-json\/wp\/v2\/media?parent=316960"}],"wp:term":[{"taxonomy":"category","embeddable":true,"href":"https:\/\/www.europesays.com\/fr\/wp-json\/wp\/v2\/categories?post=316960"},{"taxonomy":"post_tag","embeddable":true,"href":"https:\/\/www.europesays.com\/fr\/wp-json\/wp\/v2\/tags?post=316960"}],"curies":[{"name":"wp","href":"https:\/\/api.w.org\/{rel}","templated":true}]}}