{"id":316962,"date":"2025-08-13T19:32:10","date_gmt":"2025-08-13T19:32:10","guid":{"rendered":"https:\/\/www.europesays.com\/fr\/316962\/"},"modified":"2025-08-13T19:32:10","modified_gmt":"2025-08-13T19:32:10","slug":"mercato-stade-brestois-mahdi-camara-vers-le-stade-rennais-pour-un-transfert-estime-a-huit-millions-deuros","status":"publish","type":"post","link":"https:\/\/www.europesays.com\/fr\/316962\/","title":{"rendered":"Mercato Stade Brestois\u00a0: Mahdi Camara vers le Stade Rennais pour un transfert estim\u00e9 \u00e0 huit millions d\u2019euros"},"content":{"rendered":"<p>Il \u00e9tait devenu incontournable. LE poumon de l\u2019entrejeu brestois. \u00ab Si je pouvais avoir une dizaine de Mahdi dans l\u2019effectif, \u00e7a serait bien \u00bb, disait m\u00eame Roy un soir de Brest &#8211; Lyon, o\u00f9 l\u2019ancien St\u00e9phanois avait, une fois n\u2019est pas coutume, montr\u00e9 toute l\u2019\u00e9tendue de son talent (un but, une passe d\u00e9cisive pour une victoire 2-1). Arriv\u00e9 sur la pointe des pieds en Finist\u00e8re \u00e0 l\u2019intersaison 2022, apr\u00e8s avoir \u00e9t\u00e9 le capitaine de la descente des Verts en Ligue 2, le milieu box-to-box s\u2019est peu \u00e0 peu impos\u00e9, jusqu\u2019\u00e0 devenir l\u2019un des piliers du Stade Brestois formant, aux c\u00f4t\u00e9s de Pierre Lees-Melou et Hugo Magnetti, un trio de grande classe. Apr\u00e8s un exercice rayonnant en 2023-2024 o\u00f9 il talonnait Romain Del Castillo comme meilleur buteur du club (7 buts), <a href=\"https:\/\/www.letelegramme.fr\/sports\/football\/stade-brestois\/je-sais-que-ca-a-ete-un-dechirement-pour-lui-de-partir-mahdi-camara-lex-enfant-cheri-de-retour-dans-le-chaudron-6797512.php\" target=\"_blank\" rel=\"noopener\">Mahdi Camara r\u00e9alisait la saison de la confirmation l\u2019ann\u00e9e derni\u00e8re<\/a>, raflant au passage le titre de meilleur joueur brestois, apr\u00e8s une \u00e9lection des supporters.<\/p>\n<p>\u00ab On sait qu\u2019on aura de futurs renforts \u00bb<\/p>\n<p>Cette intersaison, Camara, devenu l\u2019une des valeurs marchandes de l\u2019effectif, obtenait alors un bon de sortie pour service rendu, alors que son contrat courait jusqu\u2019en 2027. Le d\u00e9but du mercato \u00e9tait assez calme et les offres ne se bousculaient pas au portillon. Ces derni\u00e8res 24 heures, les int\u00e9r\u00eats se sont intensifi\u00e9s. Dans la soir\u00e9e de mardi, RMC Sport annon\u00e7ait un accord entre le joueur de 27 ans et Nice pour un contrat de quatre ans. Avant que Rennes n\u2019entre dans la danse, pour un revirement de situation. Le club br\u00e9tillien aurait alors formul\u00e9 une offre avoisinant les huit millions d\u2019euros et aurait trouv\u00e9 un accord total. Le joueur s\u2019est donc rendu \u00e0 Rennes, mercredi, pour satisfaire la visite m\u00e9dicale. <a href=\"https:\/\/www.lequipe.fr\/Football\/Actualites\/Mercato-le-milieu-brestois-mahdi-camara-a-signe-a-rennes\/1584984\" target=\"_blank\" rel=\"noopener\">L\u2019Equipe annon\u00e7ait m\u00eame, dans la soir\u00e9e, que le contrat de quatre ans \u00e9tait sign\u00e9<\/a>.<\/p>\n<p>Avant le premier match de la saison Rennes &#8211; Marseille, Habib Beye esquissait un sourire \u00e0 l\u2019\u00e9vocation d\u2019une probable arriv\u00e9e du Brestois, avant de d\u00e9clarer : \u00ab J\u2019ai toujours dit que je parlais des joueurs qui sont sous contrat avec le Stade Rennais. On travaille tranquillement, paisiblement et on sait qu\u2019on aura de futurs renforts. \u00bb Mahdi Camara aura port\u00e9 \u00e0 115 reprises le maillot du Stade Brestois, dont l\u2019int\u00e9gralit\u00e9 des rencontres de Ligue des champions. Il aura de toute fa\u00e7on laiss\u00e9 une trace ind\u00e9l\u00e9bile dans l\u2019histoire du club.<\/p>\n","protected":false},"excerpt":{"rendered":"Il \u00e9tait devenu incontournable. LE poumon de l\u2019entrejeu brestois. \u00ab Si je pouvais avoir une dizaine de Mahdi&hellip;\n","protected":false},"author":2,"featured_media":316963,"comment_status":"","ping_status":"","sticky":false,"template":"","format":"standard","meta":{"footnotes":""},"categories":[2821],"tags":[1111,11,3450,829,3166,1777,674,63,1011,27,33136,12,584,25,60,4449],"class_list":{"0":"post-316962","1":"post","2":"type-post","3":"status-publish","4":"format-standard","5":"has-post-thumbnail","7":"category-rennes","8":"tag-actu","9":"tag-actualites","10":"tag-brest","11":"tag-bretagne","12":"tag-en-continu-sports","13":"tag-eu","14":"tag-europe","15":"tag-football","16":"tag-fr","17":"tag-france","18":"tag-mercato-stade-brestois","19":"tag-news","20":"tag-rennes","21":"tag-republique-francaise","22":"tag-sports","23":"tag-stade-brestois"},"share_on_mastodon":{"url":"https:\/\/pubeurope.com\/@fr\/115023127812578965","error":""},"_links":{"self":[{"href":"https:\/\/www.europesays.com\/fr\/wp-json\/wp\/v2\/posts\/316962","targetHints":{"allow":["GET"]}}],"collection":[{"href":"https:\/\/www.europesays.com\/fr\/wp-json\/wp\/v2\/posts"}],"about":[{"href":"https:\/\/www.europesays.com\/fr\/wp-json\/wp\/v2\/types\/post"}],"author":[{"embeddable":true,"href":"https:\/\/www.europesays.com\/fr\/wp-json\/wp\/v2\/users\/2"}],"replies":[{"embeddable":true,"href":"https:\/\/www.europesays.com\/fr\/wp-json\/wp\/v2\/comments?post=316962"}],"version-history":[{"count":0,"href":"https:\/\/www.europesays.com\/fr\/wp-json\/wp\/v2\/posts\/316962\/revisions"}],"wp:featuredmedia":[{"embeddable":true,"href":"https:\/\/www.europesays.com\/fr\/wp-json\/wp\/v2\/media\/316963"}],"wp:attachment":[{"href":"https:\/\/www.europesays.com\/fr\/wp-json\/wp\/v2\/media?parent=316962"}],"wp:term":[{"taxonomy":"category","embeddable":true,"href":"https:\/\/www.europesays.com\/fr\/wp-json\/wp\/v2\/categories?post=316962"},{"taxonomy":"post_tag","embeddable":true,"href":"https:\/\/www.europesays.com\/fr\/wp-json\/wp\/v2\/tags?post=316962"}],"curies":[{"name":"wp","href":"https:\/\/api.w.org\/{rel}","templated":true}]}}