{"id":316964,"date":"2025-08-13T19:33:15","date_gmt":"2025-08-13T19:33:15","guid":{"rendered":"https:\/\/www.europesays.com\/fr\/316964\/"},"modified":"2025-08-13T19:33:15","modified_gmt":"2025-08-13T19:33:15","slug":"le-meilleur-des-deux-mondes-pourquoi-le-camping-de-strasbourg-situe-en-ville-cartonne-t-il-autant","status":"publish","type":"post","link":"https:\/\/www.europesays.com\/fr\/316964\/","title":{"rendered":"\u00ab\u00a0Le meilleur des deux mondes\u00a0\u00bb. Pourquoi le camping de Strasbourg, situ\u00e9 en ville, cartonne-t-il\u00a0autant\u00a0?"},"content":{"rendered":"<p>            Par<br \/>\n        <strong><br \/>\n            <a href=\"https:\/\/actu.fr\/auteur\/olivia-kouassi\" title=\"Consulter tous les articles de Olivia Kouassi\" rel=\"nofollow noopener\" target=\"_blank\">Olivia Kouassi<\/a><br \/>\n        <\/strong><\/p>\n<p>        Publi\u00e9 le<\/p>\n<p>            13 ao\u00fbt 2025 \u00e0 18h12        <\/p>\n<p>\u00ab\u2009Entre nature et ville, <strong>ici on a le meilleur des deux mondes\u2009\u00bb<\/strong>, estime Filipp, venu d\u2019Allemagne passer quelques jours de vacances avec ses trois amis dans un chalet tout \u00e9quip\u00e9. Situ\u00e9 <strong>\u00e0 moins de dix minutes \u00e0 v\u00e9lo des Ponts Couverts<\/strong>, le<strong> camping urbain<\/strong> de <a href=\"https:\/\/actu.fr\/strasbourg\/\" rel=\"nofollow noopener\" target=\"_blank\">Strasbourg<\/a> <strong>affiche complet \u00e9t\u00e9 comme hiver.<\/strong> Quelle est la raison du succ\u00e8s de ce type d\u2019h\u00e9bergement et que viennent trouver les voyageurs qui y passent leurs vacances\u2009?<\/p>\n<p>\u00ab\u2009On sait \u00e0 quoi s\u2019attendre\u2009en \u00e9tant dans un camping de ville \u00bb<\/p>\n<p class=\" wall-content\">Situ\u00e9 au c\u0153ur du quartier de la Montagne verte, le camping de Strasbourg, g\u00e9r\u00e9 depuis 2015 par le groupe Huttopia, dispose de<strong> pr\u00e8s de 200 emplacements<\/strong>. 3,5\u00a0ha de terrain nich\u00e9 entre deux parcs municipaux <strong>\u00e0 moins de trois kilom\u00e8tres de l\u2019hypercentre<\/strong>. \u00ab\u2009On sait \u00e0 quoi s\u2019attendre lorsque l\u2019on vient dans un <strong>camping en pleine ville<\/strong>\u2009\u00bb, explique Isabelle faisant r\u00e9f\u00e9rence aux trains qui passent tout proche.<\/p>\n<p>    <img   decoding=\"async\" loading=\"lazy\" src=\"https:\/\/www.europesays.com\/fr\/wp-content\/uploads\/2025\/08\/camping-de-strasbourg-960x640.jpg\" alt=\"Cali, Fabrice et Isabelle sont venus passer 10 jours de vacances dans le camping de Strasbourg et comptent profiter du centre-ville mais aussi de EuropaPark.\" width=\"960\" height=\"640\"\/><br \/>\n    Cali, Fabrice et Isabelle sont venus passer 10 jours de vacances dans le camping de Strasbourg et comptent profiter du centre-ville mais aussi de Europa Park. (\u00a9OK \/ actu Strasbourg)<\/p>\n<p class=\" wall-content\">Si le calme n\u2019est pas total, c\u2019est<strong> la proximit\u00e9 des commodit\u00e9s<\/strong> qui a attir\u00e9 Fabrice, Isabelle et leur fille Cali, qui ont fait plus de sept heures de route. Ces vacanciers originaires du Maine-et-Loire sont venus passer deux semaines sous une tente en toile toute \u00e9quip\u00e9e avec sanitaires.<\/p>\n<p class=\" wall-content\">\u00ab\u2009On voulait<strong> profiter de Strasbourg<\/strong>, l\u00e0 on peut aller en ville facilement \u00e0 pieds ou en tram et on a la voiture pour d\u00e9couvrir l\u2019Alsace et faire <a href=\"https:\/\/actu.fr\/tag\/europa-park\" rel=\"nofollow noopener\" target=\"_blank\">Europa Park<\/a> et <a href=\"https:\/\/actu.fr\/grand-est\/strasbourg_67482\/europa-park-j-ai-teste-la-toute-nouvelle-attraction-de-rulantica-est-ce-qu-elle-vaut-le-deplacement_52155681.html\" rel=\"nofollow noopener\" target=\"_blank\">Rulantica<\/a>\u2009\u00bb, d\u00e9taille Isabelle. \u00ab\u2009Et puis \u00eatre en ville, c\u2019est pratique pour faire les courses mais on est quand m\u00eame dans un cadre un peu vert\u2009\u00bb, explique Fabrice en chassant les moustiques.<\/p>\n<p>Une client\u00e8le vari\u00e9e<\/p>\n<p class=\" wall-content\"><strong>La formule de camping urbain s\u00e9duit<\/strong> si bien que les 86 emplacements nus et les 98 espaces locatifs sont victimes de leur succ\u00e8s. Claude et Agn\u00e8s, partis \u00e0 v\u00e9los de Besan\u00e7on pour rejoindre Berlin en font d\u2019ailleurs les frais. \u00ab\u2009On n\u2019avait pas r\u00e9serv\u00e9 et ils n\u2019ont plus de place\u2009\u00bb, s\u2019\u00e9tonnent les retrait\u00e9s qui vont devoir se tourner vers un h\u00f4tel \u00ab\u2009plus on\u00e9reux\u2009\u00bb.<\/p>\n<p class=\" wall-content\">Le <strong>\u00ab\u2009bon rapport qualit\u00e9 prix<\/strong>\u2009\u00bb, c\u2019est aussi ce qui a attir\u00e9 Edwige, Erwan et leurs deux enfants, venus de Saint-Malo pour chercher\u2026 <strong>\u00ab\u2009de la chaleur\u2009\u00bb<\/strong>. Le couple, qui s\u2019est rencontr\u00e9 il y a 22\u00a0ans dans un camping breton, est un habitu\u00e9 de ce type de vacances. Ils ont install\u00e9 leur caravane pliante pour dix jours, et comptent bien d\u00e9couvrir Strasbourg gr\u00e2ce aux <strong>v\u00e9los<\/strong> qu\u2019ils ont amen\u00e9s.<\/p>\n<p>Complet \u00e9t\u00e9 comme hiver<\/p>\n<p class=\" wall-content\">Si pour des raisons de s\u00e9curit\u00e9, les voyageurs sous tente ne sont pas autoris\u00e9s durant la saison hivernale, les roulottes et chalets sont <strong>pleins tout au long de l\u2019ann\u00e9e, <\/strong>assure le groupe.<\/p>\n<p class=\" wall-content\">\u00ab\u2009On accueille une population tr\u00e8s vari\u00e9e, pas uniquement des vacanciers mais aussi des ouvriers, <strong>des parlementaires,<\/strong> des groupes scolaires ou m\u00eame <strong>des exposants lors du march\u00e9 de No\u00ebl<\/strong>\u2009\u00bb, explique Coralie Castellotte, cheffe de camp adjointe.<\/p>\n<p>Camping de Strasbourg, 9 rue de l\u2019Auberge de Jeunesse 67200 Strasbourg, plus d\u2019informations au 03\u200988\u200930\u200919\u200996.<\/p>\n<p class=\" wall-content\">Suivez toute l\u2019actualit\u00e9 de vos villes et m\u00e9dias favoris en vous inscrivant \u00e0 <a href=\"https:\/\/moncompte.actu.fr\" title=\"D\u00e9couvez Mon Actu\" rel=\"nofollow noopener\" data-trk=\"{&quot;cta&quot;:{&quot;action&quot;:&quot;https:\\\/\\\/moncompte.actu.fr&quot;,&quot;category&quot;:&quot;mon compte&quot;,&quot;from&quot;:&quot;article footer&quot;,&quot;name&quot;:&quot;Mon actu&quot;,&quot;type&quot;:&quot;cta&quot;}}\" target=\"_blank\">Mon Actu<\/a>.<\/p>\n","protected":false},"excerpt":{"rendered":"Par Olivia Kouassi Publi\u00e9 le 13 ao\u00fbt 2025 \u00e0 18h12 \u00ab\u2009Entre nature et ville, ici on a le&hellip;\n","protected":false},"author":2,"featured_media":316965,"comment_status":"","ping_status":"","sticky":false,"template":"","format":"standard","meta":{"footnotes":""},"categories":[2820],"tags":[1111,11,24692,1777,674,1011,27,775,12,25,104,640],"class_list":{"0":"post-316964","1":"post","2":"type-post","3":"status-publish","4":"format-standard","5":"has-post-thumbnail","7":"category-strasbourg","8":"tag-actu","9":"tag-actualites","10":"tag-camping","11":"tag-eu","12":"tag-europe","13":"tag-fr","14":"tag-france","15":"tag-grand-est","16":"tag-news","17":"tag-republique-francaise","18":"tag-societe","19":"tag-strasbourg"},"share_on_mastodon":{"url":"https:\/\/pubeurope.com\/@fr\/115023131707198604","error":""},"_links":{"self":[{"href":"https:\/\/www.europesays.com\/fr\/wp-json\/wp\/v2\/posts\/316964","targetHints":{"allow":["GET"]}}],"collection":[{"href":"https:\/\/www.europesays.com\/fr\/wp-json\/wp\/v2\/posts"}],"about":[{"href":"https:\/\/www.europesays.com\/fr\/wp-json\/wp\/v2\/types\/post"}],"author":[{"embeddable":true,"href":"https:\/\/www.europesays.com\/fr\/wp-json\/wp\/v2\/users\/2"}],"replies":[{"embeddable":true,"href":"https:\/\/www.europesays.com\/fr\/wp-json\/wp\/v2\/comments?post=316964"}],"version-history":[{"count":0,"href":"https:\/\/www.europesays.com\/fr\/wp-json\/wp\/v2\/posts\/316964\/revisions"}],"wp:featuredmedia":[{"embeddable":true,"href":"https:\/\/www.europesays.com\/fr\/wp-json\/wp\/v2\/media\/316965"}],"wp:attachment":[{"href":"https:\/\/www.europesays.com\/fr\/wp-json\/wp\/v2\/media?parent=316964"}],"wp:term":[{"taxonomy":"category","embeddable":true,"href":"https:\/\/www.europesays.com\/fr\/wp-json\/wp\/v2\/categories?post=316964"},{"taxonomy":"post_tag","embeddable":true,"href":"https:\/\/www.europesays.com\/fr\/wp-json\/wp\/v2\/tags?post=316964"}],"curies":[{"name":"wp","href":"https:\/\/api.w.org\/{rel}","templated":true}]}}