{"id":316966,"date":"2025-08-13T19:34:11","date_gmt":"2025-08-13T19:34:11","guid":{"rendered":"https:\/\/www.europesays.com\/fr\/316966\/"},"modified":"2025-08-13T19:34:11","modified_gmt":"2025-08-13T19:34:11","slug":"catalina-perez-au-racing-racing-club-de-strasbourg-alsace","status":"publish","type":"post","link":"https:\/\/www.europesays.com\/fr\/316966\/","title":{"rendered":"Catalina P\u00e9rez au Racing &#8211; Racing Club de Strasbourg Alsace"},"content":{"rendered":"<p>La gardienne internationale colombienne s\u2019est engag\u00e9e avec le Racing jusqu\u2019en 2026.<\/p>\n<p>Un peu plus d\u2019un an apr\u00e8s, Catalina P\u00e9rez est de retour dans l\u2019Hexagone ! Elle faisait en effet partie des 23 joueuses colombiennes s\u00e9lectionn\u00e9es pour les derniers Jeux Olympiques de Paris. Elle a aussi d\u00e9fendu son pays lors des Olympiades de Londres en 2012 et de Rio en 2016. La Colombienne a \u00e9galement disput\u00e9 la derni\u00e8re Coupe du Monde en 2023 en Australie et en Nouvelle-Z\u00e9lande.<\/p>\n<p>Form\u00e9e aux \u00c9tats-Unis, la gardienne de but de 30 ans va apporter son exp\u00e9rience apr\u00e8s des passages r\u00e9ussis en Italie, en Espagne, au Br\u00e9sil et en Allemagne. Catalina P\u00e9rez devient la premi\u00e8re joueuse sud-am\u00e9ricaine de l\u2019histoire du club.<\/p>\n","protected":false},"excerpt":{"rendered":"La gardienne internationale colombienne s\u2019est engag\u00e9e avec le Racing jusqu\u2019en 2026. Un peu plus d\u2019un an apr\u00e8s, Catalina&hellip;\n","protected":false},"author":2,"featured_media":316967,"comment_status":"","ping_status":"","sticky":false,"template":"","format":"standard","meta":{"footnotes":""},"categories":[2820],"tags":[1111,11,1777,674,1011,27,775,12,25,640],"class_list":{"0":"post-316966","1":"post","2":"type-post","3":"status-publish","4":"format-standard","5":"has-post-thumbnail","7":"category-strasbourg","8":"tag-actu","9":"tag-actualites","10":"tag-eu","11":"tag-europe","12":"tag-fr","13":"tag-france","14":"tag-grand-est","15":"tag-news","16":"tag-republique-francaise","17":"tag-strasbourg"},"share_on_mastodon":{"url":"https:\/\/pubeurope.com\/@fr\/115023135632849630","error":""},"_links":{"self":[{"href":"https:\/\/www.europesays.com\/fr\/wp-json\/wp\/v2\/posts\/316966","targetHints":{"allow":["GET"]}}],"collection":[{"href":"https:\/\/www.europesays.com\/fr\/wp-json\/wp\/v2\/posts"}],"about":[{"href":"https:\/\/www.europesays.com\/fr\/wp-json\/wp\/v2\/types\/post"}],"author":[{"embeddable":true,"href":"https:\/\/www.europesays.com\/fr\/wp-json\/wp\/v2\/users\/2"}],"replies":[{"embeddable":true,"href":"https:\/\/www.europesays.com\/fr\/wp-json\/wp\/v2\/comments?post=316966"}],"version-history":[{"count":0,"href":"https:\/\/www.europesays.com\/fr\/wp-json\/wp\/v2\/posts\/316966\/revisions"}],"wp:featuredmedia":[{"embeddable":true,"href":"https:\/\/www.europesays.com\/fr\/wp-json\/wp\/v2\/media\/316967"}],"wp:attachment":[{"href":"https:\/\/www.europesays.com\/fr\/wp-json\/wp\/v2\/media?parent=316966"}],"wp:term":[{"taxonomy":"category","embeddable":true,"href":"https:\/\/www.europesays.com\/fr\/wp-json\/wp\/v2\/categories?post=316966"},{"taxonomy":"post_tag","embeddable":true,"href":"https:\/\/www.europesays.com\/fr\/wp-json\/wp\/v2\/tags?post=316966"}],"curies":[{"name":"wp","href":"https:\/\/api.w.org\/{rel}","templated":true}]}}