{"id":316968,"date":"2025-08-13T19:35:11","date_gmt":"2025-08-13T19:35:11","guid":{"rendered":"https:\/\/www.europesays.com\/fr\/316968\/"},"modified":"2025-08-13T19:35:11","modified_gmt":"2025-08-13T19:35:11","slug":"deux-blessures-par-balles-victime-connue-de-la-justice-enquete-pour-tentative-de-meurtre-ce-que-lon-sait-apres-les-nouveaux-tirs-dans-le-quartier-des-moulins-a-nice","status":"publish","type":"post","link":"https:\/\/www.europesays.com\/fr\/316968\/","title":{"rendered":"Deux blessures par balles, victime connue de la justice, enqu\u00eate pour tentative de meurtre: ce que l\u2019on sait apr\u00e8s les nouveaux tirs dans le quartier des Moulins \u00e0 Nice"},"content":{"rendered":"<p>Le jeune homme <a href=\"https:\/\/www.nicematin.com\/faits-divers\/fusillade-dans-le-quartier-des-moulins-a-nice-997884\" rel=\"nofollow noopener\" target=\"_blank\">bless\u00e9 par balles mardi 12 ao\u00fbt soir \u00e0 Nice-Ouest<\/a>, dans le quartier des Moulins, \u00e9tait toujours hospitalis\u00e9 et n\u2019avait pas encore pu \u00eatre entendu par la police, ce mercredi soir.<\/p>\n<p>\u00c2g\u00e9 de 18 ans, il a re\u00e7u deux projectiles, l\u2019un au genou, l\u2019autre \u00e0 la main. Son pronostic vital n\u2019est pas engag\u00e9. Sapeurs-pompiers et Samu l\u2019ont pris en charge et conduit \u00e0 l\u2019h\u00f4pital.<\/p>\n<p><strong>Des tirs li\u00e9s au narcotrafic?<\/strong><\/p>\n<p>Le bless\u00e9 a des ant\u00e9c\u00e9dents judiciaires, indique le parquet de Nice, sans en pr\u00e9ciser la nature. Il n\u2019a pas de domiciliation connue \u00e0 ce stade. Il a \u00e9t\u00e9 touch\u00e9 place des Amaryllis, \u00e0 proximit\u00e9 d\u2019un des nombreux points de deal qui gangr\u00e8nent les Moulins.<\/p>\n<p>Ces tirs sont-ils li\u00e9s au narcotrafic? Les policiers le soup\u00e7onnent fortement. D\u2019autant qu\u2019un regain de tensions a r\u00e9cemment \u00e9t\u00e9 observ\u00e9 dans la cit\u00e9. <a href=\"https:\/\/www.nicematin.com\/faits-divers\/un-blesse-leger-dans-un-tir-par-arme-a-feu-aux-moulins-994047\" rel=\"nofollow noopener\" target=\"_blank\">Une fusillade avait d\u00e9j\u00e0 fait un bless\u00e9 dans le m\u00eame secteur le 12 juillet.<\/a><\/p>\n<p>Pas d\u2019interpellation \u00e0 ce stade. Le service local de police judiciaire (SLPJ) est charg\u00e9 de cette enqu\u00eate pour tentative de meurtre. Ses enqu\u00eateurs sont en lien avec ceux du SIPJ 06 (service interd\u00e9partemental de police judiciaire), habitu\u00e9s aux r\u00e8glements de comptes li\u00e9s au narcotrafic, et curieux de savoir si ces tirs peuvent \u00eatre li\u00e9s \u00e0 de pr\u00e9c\u00e9dents dossiers.<\/p>\n","protected":false},"excerpt":{"rendered":"Le jeune homme bless\u00e9 par balles mardi 12 ao\u00fbt soir \u00e0 Nice-Ouest, dans le quartier des Moulins, \u00e9tait&hellip;\n","protected":false},"author":2,"featured_media":316969,"comment_status":"","ping_status":"","sticky":false,"template":"","format":"standard","meta":{"footnotes":""},"categories":[2819],"tags":[1111,11,1777,674,118,1011,27,303,12,2401,882,25],"class_list":{"0":"post-316968","1":"post","2":"type-post","3":"status-publish","4":"format-standard","5":"has-post-thumbnail","7":"category-nice","8":"tag-actu","9":"tag-actualites","10":"tag-eu","11":"tag-europe","12":"tag-faits-divers","13":"tag-fr","14":"tag-france","15":"tag-justice","16":"tag-news","17":"tag-nice","18":"tag-provence-alpes-cote-dazur","19":"tag-republique-francaise"},"share_on_mastodon":{"url":"https:\/\/pubeurope.com\/@fr\/115023139830117537","error":""},"_links":{"self":[{"href":"https:\/\/www.europesays.com\/fr\/wp-json\/wp\/v2\/posts\/316968","targetHints":{"allow":["GET"]}}],"collection":[{"href":"https:\/\/www.europesays.com\/fr\/wp-json\/wp\/v2\/posts"}],"about":[{"href":"https:\/\/www.europesays.com\/fr\/wp-json\/wp\/v2\/types\/post"}],"author":[{"embeddable":true,"href":"https:\/\/www.europesays.com\/fr\/wp-json\/wp\/v2\/users\/2"}],"replies":[{"embeddable":true,"href":"https:\/\/www.europesays.com\/fr\/wp-json\/wp\/v2\/comments?post=316968"}],"version-history":[{"count":0,"href":"https:\/\/www.europesays.com\/fr\/wp-json\/wp\/v2\/posts\/316968\/revisions"}],"wp:featuredmedia":[{"embeddable":true,"href":"https:\/\/www.europesays.com\/fr\/wp-json\/wp\/v2\/media\/316969"}],"wp:attachment":[{"href":"https:\/\/www.europesays.com\/fr\/wp-json\/wp\/v2\/media?parent=316968"}],"wp:term":[{"taxonomy":"category","embeddable":true,"href":"https:\/\/www.europesays.com\/fr\/wp-json\/wp\/v2\/categories?post=316968"},{"taxonomy":"post_tag","embeddable":true,"href":"https:\/\/www.europesays.com\/fr\/wp-json\/wp\/v2\/tags?post=316968"}],"curies":[{"name":"wp","href":"https:\/\/api.w.org\/{rel}","templated":true}]}}