{"id":316974,"date":"2025-08-13T19:38:34","date_gmt":"2025-08-13T19:38:34","guid":{"rendered":"https:\/\/www.europesays.com\/fr\/316974\/"},"modified":"2025-08-13T19:38:34","modified_gmt":"2025-08-13T19:38:34","slug":"1000-supporters-parisiens-autorises-a-se-deplacer-pour-nantes-psg-ligue-1-j1-nantes-psg","status":"publish","type":"post","link":"https:\/\/www.europesays.com\/fr\/316974\/","title":{"rendered":"1000 supporters parisiens autoris\u00e9s \u00e0 se d\u00e9placer pour Nantes-PSG &#8211; Ligue 1 &#8211; J1 &#8211; Nantes-PSG"},"content":{"rendered":"<p>Aussi nombreux que les joueurs du loft nantais.<\/p>\n<p>Les Parisiens vont pouvoir se d\u00e9placer\u2026 en nombre r\u00e9duit ce dimanche. La pr\u00e9fecture de Loire-Atlantique a annonc\u00e9 que 1000 supporters parisiens munis de billets, dont 500 ultras, pourront venir \u00e0 la Beaujoire. Malheureusement pour eux,<strong> ils ne verront plus Nicolas Pallois et tous les cadres nantais qui ont fil\u00e9,<\/strong>\u00a0mais pourront assister au retour de Youssef El-Arabi en France. Et rien que pour cela, \u00e7a vaut le d\u00e9placement.<\/p>\n<p>Une rencontre class\u00e9e 3 sur 5 par les services de la Division nationale de la lutte contre le hooliganisme<\/p>\n<p><a target=\"_blank\" href=\"https:\/\/www.sofoot.com\/breves\/des-drones-deployes-pour-surveiller-le-match-rennes-olympique-de-marseille\" rel=\"nofollow noopener\">Si des drones seront utilis\u00e9s dans deux rencontres de Ligue 1<\/a> (Rennes-Marseille et Metz-Strasbourg), <strong>les Nantais ne verront pas de petits robots flotter au-dessus de leur t\u00eate dimanche soir<\/strong>. N\u00e9anmoins, la rencontre a \u00e9t\u00e9 class\u00e9e 3 sur 5 par les services de la Division nationale de la lutte contre le hooliganisme contre 2 sur 5 pour la rencontre des Bretons. Pour les Parisiens, une escorte polici\u00e8re assurera le transport jusqu\u2019\u00e0 l\u2019antre des Canaris.<\/p>\n<p>Le retour de la Ligue 1, c\u2019est aussi le retour des d\u00e9placements tr\u00e8s encadr\u00e9s.<\/p>\n<p>\t\t\t\t\t\t\t\t\t\t<a class=\"lien-connexe\" href=\"https:\/\/www.sofoot.com\/breves\/rennes-om-et-nantes-psg-on-connait-les-affiches-de-la-premiere-journee-de-ligue-1\" rel=\"nofollow noopener\" target=\"_blank\">D\u00e9couvrez les affiches de la premi\u00e8re journ\u00e9e de Ligue 1<\/a>\t\t\t\t\t<\/p>\n","protected":false},"excerpt":{"rendered":"Aussi nombreux que les joueurs du loft nantais. Les Parisiens vont pouvoir se d\u00e9placer\u2026 en nombre r\u00e9duit ce&hellip;\n","protected":false},"author":2,"featured_media":316975,"comment_status":"","ping_status":"","sticky":false,"template":"","format":"standard","meta":{"footnotes":""},"categories":[2818],"tags":[1111,47,11,61,69,65,64,1777,674,63,1011,27,68,66,766,12,62,2636,70,25,67],"class_list":{"0":"post-316974","1":"post","2":"type-post","3":"status-publish","4":"format-standard","5":"has-post-thumbnail","7":"category-nantes","8":"tag-actu","9":"tag-actualite","10":"tag-actualites","11":"tag-actus-football","12":"tag-bundesliga","13":"tag-championnats-europeens","14":"tag-equipe-de-france","15":"tag-eu","16":"tag-europe","17":"tag-football","18":"tag-fr","19":"tag-france","20":"tag-ligua","21":"tag-ligue-1","22":"tag-nantes","23":"tag-news","24":"tag-news-foot","25":"tag-pays-de-la-loire","26":"tag-premier-league","27":"tag-republique-francaise","28":"tag-serie-a"},"share_on_mastodon":{"url":"https:\/\/pubeurope.com\/@fr\/115023151286247071","error":""},"_links":{"self":[{"href":"https:\/\/www.europesays.com\/fr\/wp-json\/wp\/v2\/posts\/316974","targetHints":{"allow":["GET"]}}],"collection":[{"href":"https:\/\/www.europesays.com\/fr\/wp-json\/wp\/v2\/posts"}],"about":[{"href":"https:\/\/www.europesays.com\/fr\/wp-json\/wp\/v2\/types\/post"}],"author":[{"embeddable":true,"href":"https:\/\/www.europesays.com\/fr\/wp-json\/wp\/v2\/users\/2"}],"replies":[{"embeddable":true,"href":"https:\/\/www.europesays.com\/fr\/wp-json\/wp\/v2\/comments?post=316974"}],"version-history":[{"count":0,"href":"https:\/\/www.europesays.com\/fr\/wp-json\/wp\/v2\/posts\/316974\/revisions"}],"wp:featuredmedia":[{"embeddable":true,"href":"https:\/\/www.europesays.com\/fr\/wp-json\/wp\/v2\/media\/316975"}],"wp:attachment":[{"href":"https:\/\/www.europesays.com\/fr\/wp-json\/wp\/v2\/media?parent=316974"}],"wp:term":[{"taxonomy":"category","embeddable":true,"href":"https:\/\/www.europesays.com\/fr\/wp-json\/wp\/v2\/categories?post=316974"},{"taxonomy":"post_tag","embeddable":true,"href":"https:\/\/www.europesays.com\/fr\/wp-json\/wp\/v2\/tags?post=316974"}],"curies":[{"name":"wp","href":"https:\/\/api.w.org\/{rel}","templated":true}]}}