{"id":316980,"date":"2025-08-13T19:41:12","date_gmt":"2025-08-13T19:41:12","guid":{"rendered":"https:\/\/www.europesays.com\/fr\/316980\/"},"modified":"2025-08-13T19:41:12","modified_gmt":"2025-08-13T19:41:12","slug":"toulouse-le-pilote-du-boeing-se-trompe-daeroport-et-tente-datterrir-a-francazal-plutot-qua-blagnac","status":"publish","type":"post","link":"https:\/\/www.europesays.com\/fr\/316980\/","title":{"rendered":"Toulouse. Le pilote du Boeing se trompe d&rsquo;a\u00e9roport et tente d&rsquo;atterrir\u2026 \u00e0 Francazal plut\u00f4t qu&rsquo;\u00e0 Blagnac\u00a0!"},"content":{"rendered":"<p>            Par<br \/>\n        <strong><br \/>\n            <a href=\"https:\/\/actu.fr\/auteur\/guillaume-laurens\" title=\"Consulter tous les articles de Guillaume Laurens\" target=\"_blank\" rel=\"noopener\">Guillaume Laurens<\/a><br \/>\n        <\/strong><\/p>\n<p>        Publi\u00e9 le<\/p>\n<p>            13 ao\u00fbt 2025 \u00e0 12h02        <\/p>\n<p>Sueurs froides en pleine alerte rouge canicule \u00e0 bord d\u2019un <strong>Boeing 737 <\/strong>de la compagnie <strong>Air Alg\u00e9rie,<\/strong> lors de son atterrissage \u00e0 <strong><a href=\"https:\/\/actu.fr\/toulouse\/\" target=\"_blank\" rel=\"noopener\">Toulouse<\/a><\/strong>, mardi 12 ao\u00fbt 2025. Comme en t\u00e9moignent les trajectoires de l\u2019a\u00e9ronef sur <a href=\"https:\/\/www.flightradar24.com\/data\/flights\/ah1076#3bb1c7c7\" target=\"_blank\" rel=\"noopener\">le site Flightradar24.com<\/a>, \u00e0 l\u2019arriv\u00e9e du <strong>vol <\/strong>en provenance d\u2019<strong>Oran<\/strong> (Alg\u00e9rie), \u00e0 la mi-journ\u00e9e, le pilote s\u2019est tout simplement\u2026 <strong>tromp\u00e9 d\u2019a\u00e9roport<\/strong> !\u00a0<\/p>\n<p>    <img   decoding=\"async\" loading=\"lazy\" src=\"https:\/\/www.europesays.com\/fr\/wp-content\/uploads\/2025\/08\/flightradar-toulouse-aeroport-air-algerie-960x640.jpg\" alt=\"Le pilote du vol AH1076 s'est tromp\u00e9 entre les deux a\u00e9roports de Toulouse !\" width=\"960\" height=\"640\"\/><br \/>\n    Le pilote du vol AH1076 s\u2019est tromp\u00e9 entre les deux a\u00e9roports de Toulouse ! (\u00a9Flightradar24)Il s\u2019aligne avec la mauvaise piste d\u2019atterrissage !<\/p>\n<p class=\" wall-content\">En ce mardi, le pilote de ce vol AH1076 de la compagnie Air Alg\u00e9rie a \u00e9t\u00e9 autoris\u00e9 \u00e0 approcher la <strong>piste 32L<\/strong> de <strong><a href=\"https:\/\/actu.fr\/tag\/aeroport-toulouse-blagnac\" target=\"_blank\" rel=\"noopener\">Toulouse-Blagnac<\/a>, <\/strong>mais l\u2019a\u00e9ronef s\u2019est align\u00e9\u2026 avec la <strong>piste 29<\/strong> de <a href=\"https:\/\/actu.fr\/occitanie\/cugnaux_31157\/pourquoi-les-pompiers-et-forces-de-l-ordre-seront-nombreux-autour-de-ce-site-aux-portes-de-toulouse_62741542.html\" target=\"_blank\" rel=\"noopener\"><strong>Toulouse-Francazal<\/strong>, l\u2019a\u00e9roport \u2014 militaire et d\u2019affaires \u2014 de la Ville rose. <\/a><\/p>\n<p class=\" wall-content\">Or, non seulement l\u2019a\u00e9roport de Francazal n\u2019accueille <strong>pas de vols commerciaux<\/strong>, mais d\u2019apr\u00e8s nos informations, aucun vol n\u2019\u00e9tant pr\u00e9vu ce mardi, il n\u2019y avait <strong>personne \u00e0 la tour de contr\u00f4le<\/strong> \u00e0 ce moment-l\u00e0\u2026<\/p>\n<p class=\" wall-content\">\n<p class=\" wall-content\">Reste qu\u2019apr\u00e8s avoir commenc\u00e9 \u00e0 descendre \u00e0 moins de 1 500 pieds par minute, l\u2019avion s\u2019est align\u00e9 vers la <strong>mauvaise piste d\u2019atterrissage<\/strong> avant d\u2019\u00eatre rappel\u00e9 \u00e0 l\u2019ordre par le contr\u00f4leur a\u00e9rien, et de rattraper le coup \u00e0 temps\u2026<\/p>\n<p class=\" wall-content\">\n<p>Confusion entre \u00ab\u00a0LFBO\u00a0\u00bb et \u00ab\u00a0LFBF\u00a0\u00bb ?<\/p>\n<p class=\" wall-content\">Comment expliquer cette <strong>incroyable m\u00e9prise<\/strong> ? Le pilote de la compagnie alg\u00e9rienne a-t-il simplement <strong>confondu<\/strong> les deux <strong>codes d\u2019a\u00e9roport<\/strong> (LFBO pour Toulouse-Blagnac et LFBF pour Toulouse-Francazal), distincts d\u2019une petite lettre ?! Contact\u00e9s, ni la compagnie Air Alg\u00e9rie, ni la DGAC, ni m\u00eame l\u2019a\u00e9roport Toulouse-Blagnac, n\u2019ont souhait\u00e9 commenter cette actualit\u00e9.<\/p>\n<p>Vid\u00e9os : en ce moment sur Actu<\/p>\n<p class=\" wall-content\">Si dans la capitale de l\u2019a\u00e9ronautique, sa b\u00e9vue n\u2019a pas \u00e9chapp\u00e9 aux f\u00e9rus du secteur, on ignore si les passagers se sont aper\u00e7us de quoi que ce soit\u2026<\/p>\n<p class=\" wall-content\">Suivez toute l\u2019actualit\u00e9 de vos villes et m\u00e9dias favoris en vous inscrivant \u00e0 <a href=\"https:\/\/moncompte.actu.fr\" title=\"D\u00e9couvez Mon Actu\" rel=\"nofollow noopener\" data-trk=\"{&quot;cta&quot;:{&quot;action&quot;:&quot;https:\\\/\\\/moncompte.actu.fr&quot;,&quot;category&quot;:&quot;mon compte&quot;,&quot;from&quot;:&quot;article footer&quot;,&quot;name&quot;:&quot;Mon actu&quot;,&quot;type&quot;:&quot;cta&quot;}}\" target=\"_blank\">Mon Actu<\/a>.<\/p>\n<ul class=\"ac-article-tag wall-content\">\n<li><a href=\"https:\/\/actu.fr\/tag\/aeroport-toulouse-blagnac\" data-trk=\"{&quot;cta&quot;:{&quot;action&quot;:&quot;A\\u00e9roport Toulouse-Blagnac&quot;,&quot;category&quot;:&quot;tag&quot;,&quot;from&quot;:&quot;article footer&quot;,&quot;name&quot;:&quot;A\\u00e9roport Toulouse-Blagnac&quot;,&quot;type&quot;:&quot;cta&quot;}}\" target=\"_blank\" rel=\"noopener\">#A\u00e9roport Toulouse-Blagnac<\/a><\/li>\n<\/ul>\n","protected":false},"excerpt":{"rendered":"Par Guillaume Laurens Publi\u00e9 le 13 ao\u00fbt 2025 \u00e0 12h02 Sueurs froides en pleine alerte rouge canicule \u00e0&hellip;\n","protected":false},"author":2,"featured_media":316981,"comment_status":"","ping_status":"","sticky":false,"template":"","format":"standard","meta":{"footnotes":""},"categories":[2816],"tags":[1111,11,103,1777,674,118,1011,27,12,2680,25,2312],"class_list":{"0":"post-316980","1":"post","2":"type-post","3":"status-publish","4":"format-standard","5":"has-post-thumbnail","7":"category-toulouse","8":"tag-actu","9":"tag-actualites","10":"tag-aeroport-toulouse-blagnac","11":"tag-eu","12":"tag-europe","13":"tag-faits-divers","14":"tag-fr","15":"tag-france","16":"tag-news","17":"tag-occitanie","18":"tag-republique-francaise","19":"tag-toulouse"},"share_on_mastodon":{"url":"https:\/\/pubeurope.com\/@fr\/115023163165271908","error":""},"_links":{"self":[{"href":"https:\/\/www.europesays.com\/fr\/wp-json\/wp\/v2\/posts\/316980","targetHints":{"allow":["GET"]}}],"collection":[{"href":"https:\/\/www.europesays.com\/fr\/wp-json\/wp\/v2\/posts"}],"about":[{"href":"https:\/\/www.europesays.com\/fr\/wp-json\/wp\/v2\/types\/post"}],"author":[{"embeddable":true,"href":"https:\/\/www.europesays.com\/fr\/wp-json\/wp\/v2\/users\/2"}],"replies":[{"embeddable":true,"href":"https:\/\/www.europesays.com\/fr\/wp-json\/wp\/v2\/comments?post=316980"}],"version-history":[{"count":0,"href":"https:\/\/www.europesays.com\/fr\/wp-json\/wp\/v2\/posts\/316980\/revisions"}],"wp:featuredmedia":[{"embeddable":true,"href":"https:\/\/www.europesays.com\/fr\/wp-json\/wp\/v2\/media\/316981"}],"wp:attachment":[{"href":"https:\/\/www.europesays.com\/fr\/wp-json\/wp\/v2\/media?parent=316980"}],"wp:term":[{"taxonomy":"category","embeddable":true,"href":"https:\/\/www.europesays.com\/fr\/wp-json\/wp\/v2\/categories?post=316980"},{"taxonomy":"post_tag","embeddable":true,"href":"https:\/\/www.europesays.com\/fr\/wp-json\/wp\/v2\/tags?post=316980"}],"curies":[{"name":"wp","href":"https:\/\/api.w.org\/{rel}","templated":true}]}}