{"id":316982,"date":"2025-08-13T19:42:09","date_gmt":"2025-08-13T19:42:09","guid":{"rendered":"https:\/\/www.europesays.com\/fr\/316982\/"},"modified":"2025-08-13T19:42:09","modified_gmt":"2025-08-13T19:42:09","slug":"la-circulation-des-trains-interrompue-sur-cette-ligne-au-depart-de-toulouse","status":"publish","type":"post","link":"https:\/\/www.europesays.com\/fr\/316982\/","title":{"rendered":"la circulation des trains interrompue sur cette ligne au d\u00e9part de Toulouse"},"content":{"rendered":"<p>            Par<br \/>\n        <strong><br \/>\n            <a href=\"https:\/\/actu.fr\/auteur\/marie-lamarque\" title=\"Consulter tous les articles de Marie Lamarque\" target=\"_blank\" rel=\"noopener\">Marie Lamarque<\/a><br \/>\n        <\/strong><\/p>\n<p>        Publi\u00e9 le<\/p>\n<p>            13 ao\u00fbt 2025 \u00e0 19h17        <\/p>\n<p>Les habitants de <a href=\"https:\/\/actu.fr\/toulouse\/\" target=\"_blank\" rel=\"noopener\">Toulouse<\/a> ont pu le constater, le ciel est devenu noir dans la Ville rose d\u00e8s 18h ce mercredi 13 ao\u00fbt 2025. Une atmosph\u00e8re peu rassurante qui annonce <strong>l\u2019arriv\u00e9e des orages<\/strong> pour la soir\u00e9e. <a href=\"https:\/\/actu.fr\/occitanie\/toulouse_31555\/fortes-rafales-et-risque-de-grele-la-haute-garonne-bascule-en-alerte-orange-aux-orages-et-a-la-canicule_63030054.html\" target=\"_blank\" rel=\"noopener\">La Haute-Garonne a \u00e9t\u00e9 plac\u00e9e en vigilance orange<\/a>.\u00a0<\/p>\n<p class=\" wall-content\">En cons\u00e9quence, <strong>des mesures de s\u00e9curit\u00e9 ont \u00e9t\u00e9 prises<\/strong>, notamment par la Ville de Toulouse qui a annonc\u00e9 <a href=\"https:\/\/actu.fr\/occitanie\/toulouse_31555\/toulouse-malgre-la-canicule-pourquoi-tous-les-parcs-et-jardins-publics-de-la-ville-sont-fermes_63031416.html\" target=\"_blank\" rel=\"noopener\">la fermeture de ses parcs et jardins<\/a>. De son c\u00f4t\u00e9, la SNCF Occitanie indique ce mercredi soir que <strong>des trains ne circulent pas<\/strong> sur l\u2019une de ses lignes.<\/p>\n<p>La ligne concern\u00e9e<\/p>\n<p class=\" wall-content\">Les voyageurs qui voulaient emprunter<strong> la ligne entre Toulouse et Auch<\/strong> devront s\u2019adapter. \u00ab\u00a0Par mesure de pr\u00e9vention, <strong>la circulation est interrompue entre L\u2019Isle-Jourdain et Auch<\/strong> \u00e0 partir de 19h jusqu\u2019\u00e0 demain matin\u00a0\u00bb, informe la SNCF Occitanie.<\/p>\n<p class=\" wall-content\"><strong>Des cars de substitution<\/strong> ont n\u00e9anmoins \u00e9t\u00e9 mis en place pour que chacun puisse poursuivre son d\u00e9placement.<\/p>\n<p class=\" wall-content\">\n<p>De fortes rafales attendues<\/p>\n<p class=\" wall-content\">Une mesure de s\u00e9curit\u00e9 tandis qu\u2019une d\u00e9gradation orageuse traverse la Haute-Garonne. Ce mercredi soir, le vent se fait d\u00e9j\u00e0 bien ressentir \u00e0 Toulouse.<\/p>\n<p>Vid\u00e9os : en ce moment sur Actu<\/p>\n<p class=\" wall-content\">Les rafales pourraient, localement,<strong> atteindre les 110 km\/h<\/strong> selon M\u00e9t\u00e9o-France, et s\u2019accompagner de chutes de gr\u00eale petite \u00e0 localement moyenne ainsi que d\u2019intensit\u00e9s pluvieuses temporairement fortes. La vigilance est de mise.<\/p>\n<p class=\" wall-content\">Suivez toute l\u2019actualit\u00e9 de vos villes et m\u00e9dias favoris en vous inscrivant \u00e0 <a href=\"https:\/\/moncompte.actu.fr\" title=\"D\u00e9couvez Mon Actu\" rel=\"nofollow noopener\" data-trk=\"{&quot;cta&quot;:{&quot;action&quot;:&quot;https:\\\/\\\/moncompte.actu.fr&quot;,&quot;category&quot;:&quot;mon compte&quot;,&quot;from&quot;:&quot;article footer&quot;,&quot;name&quot;:&quot;Mon actu&quot;,&quot;type&quot;:&quot;cta&quot;}}\" target=\"_blank\">Mon Actu<\/a>.<\/p>\n","protected":false},"excerpt":{"rendered":"Par Marie Lamarque Publi\u00e9 le 13 ao\u00fbt 2025 \u00e0 19h17 Les habitants de Toulouse ont pu le constater,&hellip;\n","protected":false},"author":2,"featured_media":316983,"comment_status":"","ping_status":"","sticky":false,"template":"","format":"standard","meta":{"footnotes":""},"categories":[2816],"tags":[1111,11,1777,674,1011,27,12,2680,4594,25,2215,104,2312],"class_list":{"0":"post-316982","1":"post","2":"type-post","3":"status-publish","4":"format-standard","5":"has-post-thumbnail","7":"category-toulouse","8":"tag-actu","9":"tag-actualites","10":"tag-eu","11":"tag-europe","12":"tag-fr","13":"tag-france","14":"tag-news","15":"tag-occitanie","16":"tag-orages","17":"tag-republique-francaise","18":"tag-sncf","19":"tag-societe","20":"tag-toulouse"},"share_on_mastodon":{"url":"https:\/\/pubeurope.com\/@fr\/115023167090656116","error":""},"_links":{"self":[{"href":"https:\/\/www.europesays.com\/fr\/wp-json\/wp\/v2\/posts\/316982","targetHints":{"allow":["GET"]}}],"collection":[{"href":"https:\/\/www.europesays.com\/fr\/wp-json\/wp\/v2\/posts"}],"about":[{"href":"https:\/\/www.europesays.com\/fr\/wp-json\/wp\/v2\/types\/post"}],"author":[{"embeddable":true,"href":"https:\/\/www.europesays.com\/fr\/wp-json\/wp\/v2\/users\/2"}],"replies":[{"embeddable":true,"href":"https:\/\/www.europesays.com\/fr\/wp-json\/wp\/v2\/comments?post=316982"}],"version-history":[{"count":0,"href":"https:\/\/www.europesays.com\/fr\/wp-json\/wp\/v2\/posts\/316982\/revisions"}],"wp:featuredmedia":[{"embeddable":true,"href":"https:\/\/www.europesays.com\/fr\/wp-json\/wp\/v2\/media\/316983"}],"wp:attachment":[{"href":"https:\/\/www.europesays.com\/fr\/wp-json\/wp\/v2\/media?parent=316982"}],"wp:term":[{"taxonomy":"category","embeddable":true,"href":"https:\/\/www.europesays.com\/fr\/wp-json\/wp\/v2\/categories?post=316982"},{"taxonomy":"post_tag","embeddable":true,"href":"https:\/\/www.europesays.com\/fr\/wp-json\/wp\/v2\/tags?post=316982"}],"curies":[{"name":"wp","href":"https:\/\/api.w.org\/{rel}","templated":true}]}}